{"id":8749,"date":"2019-01-16T17:01:25","date_gmt":"2019-01-16T17:01:25","guid":{"rendered":"http:\/\/www.collectifpsychiatrie.fr\/?p=8749"},"modified":"2020-12-22T18:10:17","modified_gmt":"2020-12-22T18:10:17","slug":"communique-du-14-janvier-2019","status":"publish","type":"post","link":"https:\/\/www.collectifpsychiatrie.fr\/?p=8749","title":{"rendered":"Communiqu\u00e9 du 14 Janvier 2019"},"content":{"rendered":"\n<figure class=\"wp-block-image\"><img loading=\"lazy\" decoding=\"async\" width=\"150\" height=\"150\" src=\"https:\/\/www.collectifpsychiatrie.fr\/wp-content\/uploads\/2015\/09\/logo39BleuRond-150x150.png\" alt=\"\" class=\"wp-image-9031\"\/><\/figure>\n\n\n\n<p style=\"text-align:center\"><strong>Cela fait dix ans<\/strong> <strong>et c\u2019est pire<\/strong> <strong>encore<\/strong> !<\/p>\n\n\n\n<p>Un soir de d\u00e9cembre 2008,  39 professionnels de la psychiatrie se sont retrouv\u00e9s en urgence apr\u00e8s le discours s\u00e9curitaire tenu \u00e0 l\u2019h\u00f4pital d\u2019Antony par le pr\u00e9sident de la R\u00e9publique de l\u2019\u00e9poque. Psychiatres, psychologues, infirmi\u00e8res, travailleurs sociaux, \u00e9ducateurs, exer\u00e7ant dans le public, le lib\u00e9ral, l\u2019associatif, aucun des participants de cette soir\u00e9e ne pouvait imaginer qu\u2019un collectif allait se cr\u00e9er et qu\u2019il serait toujours en mouvement 10 ans plus tard.<\/p>\n\n\n\n<p>Le collectif des 39 r\u00e9digea en r\u00e9action, un appel \u00ab Contre la Nuit S\u00e9curitaire \u00bb qui eut un immense retentissement public en recueillant l\u2019adh\u00e9sion de pr\u00e8s de 40.000 personnes, soignants, patients, et de tr\u00e8s nombreux autres citoyens ; une manifestation de soutien inattendu pour cette question sociale et culturelle, l\u2019accueil de la folie et des personnes malades. Notre mouvement a \u00e9t\u00e9 \u00e9galement soutenu par un nombre important d\u2019artistes, intellectuels et gens de culture.<\/p>\n\n\n\n<!--more-->\n\n\n\n<p>Nous nous sommes mobilis\u00e9s pour d\u00e9fendre une hospitalit\u00e9 \u00ab suffisamment bonne \u00bb pour la folie. Au cours de nombreux meetings et forums tout au long de ces ann\u00e9es nous avons port\u00e9 une analyse collective pour d\u00e9noncer les d\u00e9rives normatives, s\u00e9curitaires et scientistes responsables de la d\u00e9gradation inexorable des modalit\u00e9s d\u2019accueil et de soin dans le sanitaire et le m\u00e9dico-social.<\/p>\n\n\n\n<p>Notre mouvement a eu aussi le m\u00e9rite de porter sur le devant de la sc\u00e8ne l\u2019insupportable banalisation des pratiques d\u2019isolement et de contention qui se sont multipli\u00e9es au cours des vingt derni\u00e8res ann\u00e9es. D\u00e9sormais cette question, dont s\u2019est saisie la Contr\u00f4leure G\u00e9n\u00e9rale des Lieux de privation des libert\u00e9s, mais aussi des associations de patients et de familles, ainsi que de nombreux m\u00e9dias n\u2019est plus un tabou.<\/p>\n\n\n\n<p>Nous avons d\u00e8s le d\u00e9but de ce mouvement port\u00e9 l\u2019attention des pouvoirs et de l\u2019opinion publique tant sur les moyens budg\u00e9taires et des effectifs soignants, que sur l\u2019emprise de la gestion bureaucratique et comptable qui a perverti le fonctionnement des h\u00f4pitaux publics, sur les lacunes des formations des professionnels mais aussi et surtout sur la conception culturelle et soci\u00e9tale de la folie et des  maladies mentales.  <\/p>\n\n\n\n<p>Le Collectif des 39, initialement nomm\u00e9 \u00ab Contre la Nuit s\u00e9curitaire \u00bb, s\u2019est tr\u00e8s vite renomm\u00e9 \u00ab Quelle hospitalit\u00e9 pour la Folie ? \u00bb.<\/p>\n\n\n\n<p>Il s\u2019est inscrit dans la continuit\u00e9 du mouvement cr\u00e9\u00e9 en juin 2003 avec les \u00c9tats G\u00e9n\u00e9raux de la psychiatrie qui d\u00e9j\u00e0 avait alert\u00e9 les pouvoirs publics sur la situation dramatique de la psychiatrie\u2026 sans qu\u2019aucune des mesures d\u2019urgence revendiqu\u00e9es alors ne soit prise en compte par le gouvernement de l\u2019\u00e9poque.La mobilisation \u00e0 l&rsquo;initiative du Collectif des 39 a \u00e9t\u00e9 tr\u00e8s forte pour lutter contre le projet de loi liberticide sur les soins sans consentement en ambulatoire. Malgr\u00e9 plusieurs manifestations devant l&rsquo;Assembl\u00e9e et le S\u00e9nat, et le d\u00e9bat d\u00e9clench\u00e9 dans les m\u00e9dias, le vote de cette loi le 5 juillet 2011 n&rsquo;a pu \u00eatre emp\u00each\u00e9, mais ce fut l&rsquo;occasion de lutter contre la stigmatisation des patients de la psychiatrie, consid\u00e9r\u00e9s comme incapables de consentir aux soins. C\u2019est dans ce mouvement d\u2019ailleurs que des patients et des familles ont particip\u00e9 et participent encore aujourd\u2019hui \u00e0 l\u2019activit\u00e9 du Collectif, ce qui en fait un mouvement in\u00e9dit associant professionnels, patients et familles. <\/p>\n\n\n\n<p>Nos actions ont eu peu d\u2019effets sur les politiques publiques dans un contexte n\u00e9olib\u00e9ral de rationalisation \u00e0 court-terme des co\u00fbts et de la mise en \u0153uvre de toutes les proc\u00e9dures et protocoles d\u2019accr\u00e9ditation, elles n&rsquo;ont pas enray\u00e9 les d\u00e9rives contr\u00f4litaires des Agences R\u00e9gionales de Sant\u00e9, et le contr\u00f4le normatif des pratiques d\u2019une Haute Autorit\u00e9 de Sant\u00e9 soumise aux approches pseudo-scientifiques d\u2019une m\u00e9decine bas\u00e9e sur les preuves (EBM).<br \/>Elles ont n\u00e9anmoins permis de d\u00e9ployer des espaces de pens\u00e9e, de r\u00e9sistance, de soutien et de cr\u00e9ativit\u00e9 lors des manifestations, des grands meetings \u00e0 la Parole errante ou les Assises citoyennes de la psychiatrie et du m\u00e9dico-social de Villejuif.<br \/>Ces \u00e9v\u00e9nements ont \u00e9t\u00e9 autant d&rsquo;occasions de soutenir une h\u00e9t\u00e9rog\u00e9n\u00e9it\u00e9 des pratiques tenant compte des avanc\u00e9es et des savoirs dans tous les champs (psychiatrique, psychopathologique, biologique, ph\u00e9nom\u00e9nologique, philosophique, psychanalytique) insistant sur le fait que la psychiatrie d\u00e9passe le champ purement m\u00e9dical et s\u2019appuie aussi sur les sciences humaines.<br \/>Les pouvoirs publics s\u2019appuient eux sur un certain nombre de psychiatres, pour homog\u00e9n\u00e9iser les pratiques : ceux-ci, pr\u00e9tendant que la folie est une maladie comme les autres, dans une vision simpliste, faisant fi des probl\u00e9matiques individuelles, mais aussi sociales et culturelles, avancent qu\u2019il suffit de m\u00e9dicaments et de psycho\u00e9ducation sur le mod\u00e8le du diab\u00e8te par exemple, pour traiter les pathologies mentales. Et dans une porosit\u00e9 avec les tenants des groupes pharmaceutiques et financiers, dans la logique de l\u2019ouverture d\u2019un march\u00e9 de ces pathologies vers le monde sanitaire et m\u00e9dico-social. Une vision tellement r\u00e9ductrice dont la cons\u00e9quence directe est que les formations s\u2019appauvrissent des apports de la complexit\u00e9 humaine et de l&rsquo;indispensable comp\u00e9tence d&rsquo;initiative et de cr\u00e9ativit\u00e9 dans la relation. Les professionnels sont de fait de plus en plus d\u00e9munis face aux manifestations impr\u00e9visibles de la folie, ce qui entra\u00eene alors les pratiques d\u2019isolement et de contention g\u00e9n\u00e9ralis\u00e9e pour faire taire les sympt\u00f4mes.<\/p>\n\n\n\n<p>Nous avons alert\u00e9 \u00e9galement sur la destruction en cours de la p\u00e9dopsychiatrie et la mise en danger des enfants en souffrance, mais aussi au del\u00e0,  sur la normalisation de l\u2019Enfance et les d\u00e9rives g\u00e9n\u00e9r\u00e9es par les mises \u00e0 mal de l\u2019\u00c9cole, les d\u00e9signations \u00ab d\u2019handicap\u00e9 \u00bb pour toute manifestation d\u00e9rangeante des enfants (expansion des \u00ab diagnostics \u00bb de TDAH, troubles de l\u2019attention, surinflation des autismes etc.)  <\/p>\n\n\n\n<p>L\u2019Etat  sourd et aveugle, ne voulant pas reconna\u00eetre la complexit\u00e9 des pathologies mentales, ne permet nullement  la diversit\u00e9 des outils de soin. La sectorisation psychiatrique, souvent encens\u00e9e dans les discours officiels, est en voie de destructuration, compl\u00e8tement \u00e9trangl\u00e9e par les questions budg\u00e9taires et d\u00e9form\u00e9e par l\u2019hospitalo-centrisme toujours h\u00e9g\u00e9monique, alors qu\u2019elle est \u00e0 m\u00eame d\u2019assurer une pr\u00e9vention et une continuit\u00e9 des  soins.<\/p>\n\n\n\n<p>Si les gouvernements successifs ont de fa\u00e7on \u00e9hont\u00e9e renvoy\u00e9 la responsabilit\u00e9 des impasses et d\u00e9rives actuelles aux professionnels \u00ab qui ne sauraient pas s\u2019organiser et se moderniser \u00bb, des mouvements de soignants de tr\u00e8s nombreux h\u00f4pitaux psychiatriques dans toute la France se sont d\u00e9velopp\u00e9s depuis plus d\u2019un an, parfois ayant pris des formes dramatiques t\u00e9moignant de l\u2019insupportable des conditions d\u2019accueil et de soins.Le Collectif des 39, \u00ab Quelle hospitalit\u00e9 pour la folie ?\u00bb continue son action, notamment aux c\u00f4t\u00e9s des multiples collectifs, syndicats et associations, et soutient toutes les mobilisations, la prochaine journ\u00e9e d\u2019action du 22 janvier 2019 et un \u00ab Printemps de la psychiatrie \u00bb qui s\u2019annonce.  <\/p>\n","protected":false},"excerpt":{"rendered":"<p>Cela fait dix ans et c\u2019est pire encore ! Un soir de d\u00e9cembre 2008, 39 professionnels de la psychiatrie se sont retrouv\u00e9s en urgence apr\u00e8s le discours s\u00e9curitaire tenu \u00e0 l\u2019h\u00f4pital d\u2019Antony par le pr\u00e9sident de la R\u00e9publique de l\u2019\u00e9poque. Psychiatres, psychologues, infirmi\u00e8res, travailleurs sociaux, \u00e9ducateurs, exer\u00e7ant dans le public, le lib\u00e9ral, l\u2019associatif, aucun des &hellip; <a href=\"https:\/\/www.collectifpsychiatrie.fr\/?p=8749\" class=\"more-link\">Continuer la lecture de <span class=\"screen-reader-text\">Communiqu\u00e9 du 14 Janvier 2019<\/span>  <span class=\"meta-nav\">&rarr;<\/span><\/a><\/p>\n","protected":false},"author":78,"featured_media":0,"comment_status":"closed","ping_status":"open","sticky":false,"template":"","format":"standard","meta":{"footnotes":""},"categories":[4],"tags":[391],"class_list":["post-8749","post","type-post","status-publish","format-standard","hentry","category-communiques-des-39","tag-printemps-de-la-psychiatrie"],"_links":{"self":[{"href":"https:\/\/www.collectifpsychiatrie.fr\/index.php?rest_route=\/wp\/v2\/posts\/8749","targetHints":{"allow":["GET"]}}],"collection":[{"href":"https:\/\/www.collectifpsychiatrie.fr\/index.php?rest_route=\/wp\/v2\/posts"}],"about":[{"href":"https:\/\/www.collectifpsychiatrie.fr\/index.php?rest_route=\/wp\/v2\/types\/post"}],"author":[{"embeddable":true,"href":"https:\/\/www.collectifpsychiatrie.fr\/index.php?rest_route=\/wp\/v2\/users\/78"}],"replies":[{"embeddable":true,"href":"https:\/\/www.collectifpsychiatrie.fr\/index.php?rest_route=%2Fwp%2Fv2%2Fcomments&post=8749"}],"version-history":[{"count":8,"href":"https:\/\/www.collectifpsychiatrie.fr\/index.php?rest_route=\/wp\/v2\/posts\/8749\/revisions"}],"predecessor-version":[{"id":9281,"href":"https:\/\/www.collectifpsychiatrie.fr\/index.php?rest_route=\/wp\/v2\/posts\/8749\/revisions\/9281"}],"wp:attachment":[{"href":"https:\/\/www.collectifpsychiatrie.fr\/index.php?rest_route=%2Fwp%2Fv2%2Fmedia&parent=8749"}],"wp:term":[{"taxonomy":"category","embeddable":true,"href":"https:\/\/www.collectifpsychiatrie.fr\/index.php?rest_route=%2Fwp%2Fv2%2Fcategories&post=8749"},{"taxonomy":"post_tag","embeddable":true,"href":"https:\/\/www.collectifpsychiatrie.fr\/index.php?rest_route=%2Fwp%2Fv2%2Ftags&post=8749"}],"curies":[{"name":"wp","href":"https:\/\/api.w.org\/{rel}","templated":true}]}}