{"id":8800,"date":"2019-02-10T12:01:52","date_gmt":"2019-02-10T12:01:52","guid":{"rendered":"http:\/\/www.collectifpsychiatrie.fr\/?p=8800"},"modified":"2021-05-14T13:04:54","modified_gmt":"2021-05-14T13:04:54","slug":"la-pedopsychiatrie-low-cost","status":"publish","type":"post","link":"https:\/\/www.collectifpsychiatrie.fr\/?p=8800","title":{"rendered":"La p\u00e9dopsychiatrie low-cost"},"content":{"rendered":"<p><em>Comment les politiques manag\u00e9riales des h\u00f4pitaux fa\u00e7onnent nos pratiques &#8211;&nbsp;<\/em>PRATIQUES 84, &nbsp;JANVIER 2019<\/p>\n<p><span class=\"Apple-converted-space\">&nbsp;<\/span><strong>Catherine Laval, &nbsp;<\/strong>M\u00e9decin p\u00e9dopsychiatre<\/p>\n<p>Quand j\u2019ai fini mon internat, il y a quinze ans,&nbsp;c\u2019\u00e9tait pour devenir p\u00e9dopsychiatre de secteur,&nbsp;que je pensais \u00eatre un m\u00e9decin qui accueillait la souffrance,&nbsp;prenait le temps d\u2019\u00e9couter et d\u2019entendre, une&nbsp;discipline \u00e0 la crois\u00e9e de la m\u00e9decine, des sciences&nbsp;humaines, de la psychanalyse, de la politique certes,&nbsp;mais pas du management d\u2019entreprise. Je n\u2019avais rien&nbsp;compris.<!--more--><\/p>\n<p>Dans ma pratique, non sans mal, il a fallu lutter contre&nbsp;la mise sur le march\u00e9 d\u2019un \u00ab enfant machine immacul\u00e9&nbsp;conception \u00bb d\u00e9tach\u00e9 de son environnement, de son&nbsp;histoire, de sa culture, sans famille, sans liens sociaux&nbsp;qu\u2019il fallait r\u00e9parer \u00e0 coups de m\u00e9dicaments, faisant les&nbsp;affaires de lobbies pharmaceutiques, id\u00e9ologiques, mais&nbsp;aussi des politiques, car il les d\u00e9douane d\u2019une quelconque responsabilit\u00e9 dans le mal-\u00eatre (croissant) des enfants,&nbsp;d\u00e8s lors que celui-ci serait de cause neuronale r\u00e9parable&nbsp;par des mol\u00e9cules.<\/p>\n<p>Pour pouvoir r\u00e9parer cet enfant objet, il faut pouvoir&nbsp;cr\u00e9er les conditions d\u2019accueil \u00e0 la mesure de ces ambitions&nbsp;perverses. Alors comment faire, car il y a toujours des&nbsp;\u00ab Gaulois r\u00e9fractaires \u00bb qui r\u00e9sistent ? Pour changer les&nbsp;pratiques, il a fallu tout d\u2019abord s\u2019attaquer \u00e0 la formation&nbsp;de tous les soignants sans exception (infirmi\u00e8res, psychologues,&nbsp;\u00e9ducateurs sp\u00e9cialis\u00e9s, m\u00e9decins), mais \u00e7a ne&nbsp;suffisait pas car la transmission entre les soignants au&nbsp;sein des services existe toujours et que le personnel peut&nbsp;encore aller se former ailleurs (m\u00eame si le budget pour&nbsp;la formation continue a fondu ces derni\u00e8res ann\u00e9es et&nbsp;qu\u2019elle est de plus en plus contr\u00f4l\u00e9e).<\/p>\n<p>Pour changer les pratiques, il fallait donc s\u2019attaquer \u00e0&nbsp;cette transmission, mais aussi aux conditions mat\u00e9rielles&nbsp;de cet accueil et la loi HPST (adopt\u00e9e en 2009),&nbsp;apoth\u00e9ose des politiques de sant\u00e9 successives, est&nbsp;venue terminer le travail et a \u00e9t\u00e9 renforc\u00e9e par la loi&nbsp;Sant\u00e9 2016 imposant la cr\u00e9ation des Groupements&nbsp;hospitaliers de territoires (GHT). Ces lois ont mis en&nbsp;place un syst\u00e8me manag\u00e9rial pervers ax\u00e9 sur la cotation&nbsp;chronophage (qui entrave, faute de temps, la&nbsp;transmission entre les soignants), l\u2019utilisation d\u2019une&nbsp;novlangue venue tout droit de l\u2019entreprise qui, insidieusement,&nbsp;nous impr\u00e8gne et nous fait \u00ab perdre notre latin \u00bb, mais aussi et surtout cette loi nous pousse \u00e0 la&nbsp;course aux chiffres et elle donne la quasi-totalit\u00e9 des&nbsp;pouvoirs \u00e0 l\u2019administration gestionnaire.<\/p>\n<p>En p\u00e9dopsychiatrie de secteur, l\u2019enveloppe budg\u00e9taire&nbsp;est calcul\u00e9e en fonction de la file active et non pas du&nbsp;nombre d\u2019actes. La file active est le nombre total de&nbsp;patients vus au moins une fois dans l\u2019ann\u00e9e. Qu\u2019un&nbsp;enfant soit re\u00e7u trois fois par semaine au CMP (Centre&nbsp;m\u00e9dico-psychologique) pour des soins (ce qui n\u2019estpas rare) ou vu une seule fois dans l\u2019ann\u00e9e, c\u2019est comptabilis\u00e9&nbsp;de la m\u00eame fa\u00e7on. Donc, il vaut mieux que je fasse moins de consultations pour chaque patient pour&nbsp;en voir un maximum de nouveaux.<\/p>\n<p>Cette course au chiffre colle bien \u00e0 \u00ab l\u2019enfant machine&nbsp;\u00e0 r\u00e9parer \u00bb, car il suffit d\u2019une consultation pour faire&nbsp;un diagnostic et une prescription d\u2019un traitement m\u00e9dicamenteux,&nbsp;renouvel\u00e9 par le m\u00e9decin traitant et\/ou une&nbsp;orientation en lib\u00e9ral en orthophonie rembours\u00e9e par&nbsp;la S\u00e9curit\u00e9 sociale ou \u00e0 d\u2019autres r\u00e9\u00e9ducations non&nbsp;rembours\u00e9es (aux frais des parents ou avec parfois une&nbsp;demande de financement \u00e0 la Maison d\u00e9partementale&nbsp;des personnes handicap\u00e9es), puis revoir le patient six&nbsp;mois plus tard pour r\u00e9\u00e9valuation. Cette pratique est de&nbsp;plus en plus courante, notamment dans les services&nbsp;hospitalo-universitaires, avec des cons\u00e9quences dramatiques&nbsp;pour les enfants et leurs familles, d\u2019autant plus&nbsp;dans les situations complexes qui n\u00e9cessitent un travail&nbsp;soutenu avec les familles, mais aussi de lien avec les&nbsp;partenaires, notamment avec l\u2019\u00e9cole. Les enfants, les&nbsp;familles et certains professionnels lib\u00e9raux se sentent \u00e0&nbsp;juste titre livr\u00e9s \u00e0 eux-m\u00eames, abandonn\u00e9s. Cette pratique&nbsp;fait le beurre des laboratoires pharmaceutiques, du&nbsp;lib\u00e9ral et aussi d\u00e9sengorge l\u2019h\u00f4pital, le privant de ses&nbsp;missions premi\u00e8res, tout en augmentant la file active&nbsp;(objectif atteint !).<\/p>\n<p>Cette course aux chiffres engendre de la comp\u00e9tition&nbsp;entre les secteurs, les unit\u00e9s d\u2019un m\u00eame service. Qui&nbsp;dit comp\u00e9tition peut vouloir dire tricherie, dopage ? &nbsp;C\u2019est ainsi que ce syst\u00e8me incite \u00e0 \u00ab gonfler la file&nbsp;active \u00bb. Comment? Par exemple en ouvrant des dossiers,&nbsp;non seulement au nom de l\u2019enfant, mais aussi des&nbsp;parents, tour de passe-passe qui transforme un en deux&nbsp;voire trois, ou en voyant rapidement toutes les nouvelles&nbsp;demandes une fois (mais en prenant soin d\u2019enregistrer&nbsp;un dossier), et ensuite en cr\u00e9ant une liste d\u2019attente,&nbsp;m\u00eame si l\u2019enfant in fine<span class=\"Apple-converted-space\">&nbsp; <\/span>ne sera pas suivi, il sera&nbsp;comptabilis\u00e9 dans la file active.<\/p>\n<p>\u00c0 tous les travers de ces lois s\u2019ajoutent les travers des&nbsp;\u00ab lois locales \u00bb, d\u00e9cisions, libert\u00e9s que chaque h\u00f4pital&nbsp;s\u2019octroie puisqu\u2019il n\u2019existe plus de r\u00e9els contre-pouvoirs&nbsp;\u00e0 la direction (la Commission m\u00e9dicale d\u2019\u00e9tablissement&nbsp;n\u2019ayant plus qu\u2019un r\u00f4le consultatif, les m\u00e9decins sont&nbsp;subordonn\u00e9s \u00e0 l\u2019administration qui a dor\u00e9navant le&nbsp;pouvoir de les nommer et de les licencier). &nbsp;Par exemple, prochainement, nous aurons tous un&nbsp;agenda \u00e9lectronique qui permettra de saisir nos actes&nbsp;et donc pourra \u00eatre visionn\u00e9 \u00e0 tout moment par le D\u00e9partement d\u2019information m\u00e9dicale (DIM), qui nous&nbsp;a assur\u00e9 qu\u2019il ne pourra pas \u00eatre transmis \u00e0 la direction\u2026&nbsp;ah, bon ? On y croit fort ! J\u2019imagine que si l\u2019administration&nbsp;veut savoir comment un soignant travaille&nbsp;(nombre de patients, fr\u00e9quence des consultations), elle&nbsp;le pourra.<\/p>\n<p>Autre exemple et pas le moindre, le temps de travail.Sans concertation avec le terrain et les syndicats qui y&nbsp;sont d\u00e9favorables, la direction a d\u00e9cid\u00e9 de passer en&nbsp;janvier de 8 heures quotidiennes de travail \u00e0 7 heures 30,&nbsp;se vantant au passage de faire une \u00e9conomie de plus&nbsp;de deux cents postes \u00e0 l\u2019\u00e9chelle du GHT ! &nbsp; &nbsp; &nbsp; &nbsp; &nbsp; &nbsp; &nbsp; &nbsp; &nbsp;L\u00e0 o\u00f9 le hiatus entre la vision administrative et clinique&nbsp;prend toute son ampleur, c\u2019est lorsque la direction&nbsp;explique que cette mesure augmentera la file active !&nbsp;C\u2019est compl\u00e8tement m\u00e9conna\u00eetre le travail de soins en&nbsp;p\u00e9dopsychiatrie de secteur, o\u00f9 un soignant re\u00e7oit le&nbsp;m\u00eame enfant chaque semaine dans la continuit\u00e9, souvent&nbsp;sur une ann\u00e9e scolaire. Comme il travaillera moins de&nbsp;temps chaque jour, il verra moins de patients et donc&nbsp;sa file active diminuera et l\u2019enveloppe budg\u00e9taire avec\u2026 &nbsp;L\u2019effet de cette annonce a provoqu\u00e9 chez les soignants&nbsp;les plus impliqu\u00e9s, qui d\u00e9j\u00e0 faisaient plus de 8 heures&nbsp;par jour, un effet de ras-le-bol : \u00ab Bon, si c\u2019est comme&nbsp;\u00e7a, je ferai mon 9 h\/16 h 30, point barre \u00bb. Bravo le&nbsp;management\u2026<\/p>\n<p>Dans le Centre d\u2019accueil th\u00e9rapeutique \u00e0 temps partiel&nbsp;(CATTP) dont je suis la responsable, l\u2019\u00e9quipe travaille &nbsp;d\u00e9j\u00e0 plus de 8 heures par jour et d\u2019ailleurs sans demander&nbsp;de r\u00e9cup\u00e9rations. Nous d\u00e9dions du temps \u00e0 l\u2019accueil&nbsp;des enfants (deux groupes par jour), au post-groupe&nbsp;(temps clinique essentiel de reprise, d\u2019analyse, de communication&nbsp;entre les diff\u00e9rents membres de l\u2019\u00e9quipe), au travail de lien avec les diff\u00e9rents partenaires, \u00e0 des&nbsp;synth\u00e8ses, \u00e0 des r\u00e9unions \u00e0 l\u2019\u00e9cole avec les parents et&nbsp;l\u2019ensemble de l\u2019\u00e9quipe scolaire (au moins tous les trimestres&nbsp;pour chaque enfant) et aux entretiens familiaux&nbsp;une fois par mois, parfois le soir, car certains parents&nbsp;ne peuvent pas \u00e0 un autre moment. Les journ\u00e9es sont&nbsp;bien remplies, mais nous avons la satisfaction de voir&nbsp;que les enfants vont mieux. Bref, pour mon \u00e9quipe oui,&nbsp;travailler dans ce CATTP c\u2019est fatigant, mais pas \u00e9puisant,&nbsp;car c\u2019est gratifiant, elle a vraiment le sentiment de ne&nbsp;pas s\u2019\u00eatre d\u00e9men\u00e9e, investie pour rien. Ces politiques&nbsp;gestionnaires d\u00e9nient, d\u00e9nigrent nos savoir-faire, nos&nbsp;pratiques. En fermant le CATTP plus t\u00f4t chaque jour,&nbsp;il va falloir rogner sur quoi ? Le temps pass\u00e9 avec les&nbsp;enfants ? Les familles ? Les partenaires ? Ou bien les temps de r\u00e9flexion collectifs? Faire de la p\u00e9dopsychiatrie&nbsp;publique low-cost<span class=\"Apple-converted-space\">&nbsp; <\/span>?<\/p>\n<p>Tous ces changements d\u00e9coulant de la politique manag\u00e9riale&nbsp;des h\u00f4pitaux ont mis les soignants dans des&nbsp;situations intenables en les obligeant \u00ab au mieux \u00bb \u00e0 se&nbsp;cliver (entre leurs convictions soignantes et les pratiques&nbsp;qu\u2019on leur impose), \u00e0 partir ou sombrer dans \u00ab un&nbsp;burn-out \u00bb si fr\u00e9quent actuellement, car ce n\u2019est pas&nbsp;simple de lutter contre la perversion. Il faut d\u00e9j\u00e0 pouvoir&nbsp;la rep\u00e9rer, la nommer, car souvent le m\u00e9canisme de&nbsp;d\u00e9fense premier est de la nier.<\/p>\n<p>Alors, continuons \u00e0 d\u00e9noncer, \u00e0 lutter pour les enfants,&nbsp;premi\u00e8res victimes de cette perversion organis\u00e9e par&nbsp;les adultes complices, car ce que je d\u00e9cris l\u00e0 peut \u00eatre&nbsp;tragiquement transposable \u00e0 tous les lieux d\u2019accueil de&nbsp;l\u2019enfance, \u00e0 l\u2019\u00e9cole (avec de surcro\u00eet le fameux Conseil&nbsp;scientifique de l\u2019\u00c9ducation nationale), \u00e0 l\u2019Aide sociale&nbsp;\u00e0 l\u2019enfance, \u00e0 la Protection maternelle et infantile, dans&nbsp;les lieux de pr\u00e9vention\u2026<\/p>\n<p>Une amie r\u00e9cemment me disait, la question \u00e0 se poser&nbsp;n\u2019est pas seulement :<strong> \u00ab Quel monde allons-nous laisser&nbsp;\u00e0 nos enfants ? \u00bb, mais aussi : \u00ab Quels enfants allons nous&nbsp;laisser au monde ? \u00bb.<\/strong><\/p>\n","protected":false},"excerpt":{"rendered":"<p>Comment les politiques manag\u00e9riales des h\u00f4pitaux fa\u00e7onnent nos pratiques &#8211;&nbsp;PRATIQUES 84, &nbsp;JANVIER 2019 &nbsp;Catherine Laval, &nbsp;M\u00e9decin p\u00e9dopsychiatre Quand j\u2019ai fini mon internat, il y a quinze ans,&nbsp;c\u2019\u00e9tait pour devenir p\u00e9dopsychiatre de secteur,&nbsp;que je pensais \u00eatre un m\u00e9decin qui accueillait la souffrance,&nbsp;prenait le temps d\u2019\u00e9couter et d\u2019entendre, une&nbsp;discipline \u00e0 la crois\u00e9e de la m\u00e9decine, des sciences&nbsp;humaines, &hellip; <a href=\"https:\/\/www.collectifpsychiatrie.fr\/?p=8800\" class=\"more-link\">Continuer la lecture de <span class=\"screen-reader-text\">La p\u00e9dopsychiatrie low-cost<\/span>  <span class=\"meta-nav\">&rarr;<\/span><\/a><\/p>\n","protected":false},"author":78,"featured_media":0,"comment_status":"closed","ping_status":"open","sticky":false,"template":"","format":"standard","meta":{"footnotes":""},"categories":[374,370],"tags":[384],"class_list":["post-8800","post","type-post","status-publish","format-standard","hentry","category-articles","category-groupe-enfance","tag-groupe-enfance"],"_links":{"self":[{"href":"https:\/\/www.collectifpsychiatrie.fr\/index.php?rest_route=\/wp\/v2\/posts\/8800","targetHints":{"allow":["GET"]}}],"collection":[{"href":"https:\/\/www.collectifpsychiatrie.fr\/index.php?rest_route=\/wp\/v2\/posts"}],"about":[{"href":"https:\/\/www.collectifpsychiatrie.fr\/index.php?rest_route=\/wp\/v2\/types\/post"}],"author":[{"embeddable":true,"href":"https:\/\/www.collectifpsychiatrie.fr\/index.php?rest_route=\/wp\/v2\/users\/78"}],"replies":[{"embeddable":true,"href":"https:\/\/www.collectifpsychiatrie.fr\/index.php?rest_route=%2Fwp%2Fv2%2Fcomments&post=8800"}],"version-history":[{"count":11,"href":"https:\/\/www.collectifpsychiatrie.fr\/index.php?rest_route=\/wp\/v2\/posts\/8800\/revisions"}],"predecessor-version":[{"id":9414,"href":"https:\/\/www.collectifpsychiatrie.fr\/index.php?rest_route=\/wp\/v2\/posts\/8800\/revisions\/9414"}],"wp:attachment":[{"href":"https:\/\/www.collectifpsychiatrie.fr\/index.php?rest_route=%2Fwp%2Fv2%2Fmedia&parent=8800"}],"wp:term":[{"taxonomy":"category","embeddable":true,"href":"https:\/\/www.collectifpsychiatrie.fr\/index.php?rest_route=%2Fwp%2Fv2%2Fcategories&post=8800"},{"taxonomy":"post_tag","embeddable":true,"href":"https:\/\/www.collectifpsychiatrie.fr\/index.php?rest_route=%2Fwp%2Fv2%2Ftags&post=8800"}],"curies":[{"name":"wp","href":"https:\/\/api.w.org\/{rel}","templated":true}]}}