{"id":8825,"date":"2019-04-18T23:32:20","date_gmt":"2019-04-18T23:32:20","guid":{"rendered":"http:\/\/www.collectifpsychiatrie.fr\/?p=8825"},"modified":"2020-12-22T17:45:09","modified_gmt":"2020-12-22T17:45:09","slug":"lettre-ouverte-a-madame-buzyn-et-monsieur-bellivier","status":"publish","type":"post","link":"https:\/\/www.collectifpsychiatrie.fr\/?p=8825","title":{"rendered":"LA CONTENTION N&rsquo;EST PAS UN SOIN &#8211; Lettre ouverte \u00e0 Madame Buzyn et Monsieur Bellivier"},"content":{"rendered":"\n<ul class=\"wp-block-gallery columns-1 wp-block-gallery-1 is-layout-flex wp-block-gallery-is-layout-flex\"><li class=\"blocks-gallery-item\"><figure><img loading=\"lazy\" decoding=\"async\" width=\"480\" height=\"640\" src=\"https:\/\/www.collectifpsychiatrie.fr\/wp-content\/uploads\/2019\/04\/IMG_1820-e1555629982241.jpg\" alt=\"\" data-id=\"8835\" data-link=\"https:\/\/www.collectifpsychiatrie.fr\/?attachment_id=8835\" class=\"wp-image-8835\" srcset=\"https:\/\/www.collectifpsychiatrie.fr\/wp-content\/uploads\/2019\/04\/IMG_1820-e1555629982241.jpg 480w, https:\/\/www.collectifpsychiatrie.fr\/wp-content\/uploads\/2019\/04\/IMG_1820-e1555629982241-225x300.jpg 225w\" sizes=\"auto, (max-width: 480px) 100vw, 480px\" \/><\/figure><\/li><\/ul>\n\n\n<blockquote class=\"\">\n<p><em><span style=\"color: #000000;\"><strong>LA CONTENTION N\u2019EST PAS UN SOIN &#8211; Fil conducteur<\/strong><\/span><\/em><\/p>\n<\/blockquote>\n<div class=\"\">\n<div class=\"\">\n<div><span class=\"\"><span class=\"\" style=\"color: #000000;\">Lors<\/span><\/span><span class=\"\"><span class=\"\" style=\"color: #000000;\"> d\u2019un colloque organis\u00e9 au s\u00e9nat, en septembre 2015, en pr\u00e9sence de plusieurs parlementaires des deux assembl\u00e9es nous avons initi\u00e9 une p\u00e9tition <a href=\"http:\/\/www.hospitalite-collectif39.org\/?NON-A-LA-CONTENTION\">NON \u00c0 LA CONTENTION<\/a>.<\/span><\/span><\/div>\n<\/div>\n<\/div>\n<div class=\"\">\n<div class=\"\">\n<div class=\"\"><span class=\"\" style=\"color: #000000;\"><span class=\"\">Nous affirmions entre autre dans ce texte que la contention n\u2019est pas un soin comme le pr\u00e9cisera ensuite l\u2019<\/span><span class=\"\">Article 72 Isolement et Contention&nbsp;de&nbsp;<\/span><span class=\"\">la <a href=\"http:\/\/LOI n\u00b02016-41 du 26 janvier 2016 - art. 72\" data-wplink-url-error=\"true\">loi de sant\u00e9 du 26 janvier 2016<\/a><\/span><span class=\"\">.<\/span><\/span><\/div>\n<\/div>\n<\/div>\n<div class=\"\">\n<div class=\"\">\n<div class=\"\"><span class=\"\"><span class=\"\" style=\"color: #000000;\">Le psychiatre d\u00e9cide de c\u00e9der sur sa fonction soignante et de mettre un patient en contention quand l\u2019\u00e9quipe soignante est d\u00e9bord\u00e9e par l\u2019agitation de patients en crise, dans un contexte de tensions relationnelles, avec un sentiment d\u2019ins\u00e9curit\u00e9 face \u00e0 des manifestations bruyantes et parfois inqui\u00e9tantes.<\/span><\/span><\/div>\n<\/div>\n<\/div>\n<p><!--more--><\/p>\n<div class=\"\">\n<div class=\"\">\n<div class=\"\"><span class=\"\"><span class=\"\" style=\"color: #000000;\">Mais d\u2019ou vient ce d\u00e9bordement des professionnels par les manifestations paroxysmales de certains patients ?<\/span><\/span><span class=\"\"><span class=\"\" style=\"color: #000000;\">&nbsp;<\/span><\/span><span class=\"\"><span class=\"\" style=\"color: #000000;\">De<\/span><\/span><span class=\"\"><span class=\"\" style=\"color: #000000;\"> leur manque d\u2019organisation comme vous le r\u00e9p\u00e9tez souvent ? De leur manque de formation \u00e0 des pratiques dites innovantes ? De leur incomp\u00e9tence parce que leurs outils conceptuels ne seraient plus op\u00e9rants ?<\/span><\/span><\/div>\n<\/div>\n<\/div>\n<div class=\"\">\n<div class=\"\">\n<div class=\"\"><span class=\"\"><span class=\"\" style=\"color: #000000;\">Vous ne comprenez-pas bien la situation comme vous l\u2019a si bien dit une infirmi\u00e8re lors du r\u00e9cent d\u00e9bat t\u00e9l\u00e9vis\u00e9 sur \u00ab le naufrage de la psychiatrie \u00bb.<\/span><\/span><\/div>\n<div class=\"\"><span class=\"\"><span class=\"\" style=\"color: #000000;\">Vous n\u2019entendez pas tous ces mouvements de gr\u00e8ve dans les h\u00f4pitaux psychiatriques. Le cri des infirmi\u00e8res et infirmiers qui vont jusqu\u2019\u00e0 mettre leur vie en danger ( gr\u00e8ve de la faim \u00e0 Rouen, perch\u00e9s du Havre) pour r\u00e9clamer plus de moyens et moins de contraintes bureaucratiques, s\u00e9curitaires et normatives.<\/span><\/span><\/div>\n<div class=\"\"><span class=\"\"><span class=\"\" style=\"color: #000000;\">Ils en ont assez, par manque de moyens humains, par manque d\u2019espace d\u2019\u00e9laboration des enjeux psychiques, par manque de formation \u00e0 la relation, d\u2019\u00eatre amen\u00e9s \u00e0 n\u2019avoir d\u2019autre choix que la contention et l\u2019isolement. Ils souffrent de maltraiter les patients et d\u2019\u00eatre emp\u00each\u00e9s de faire leur m\u00e9tier. Ils sont transform\u00e9s en gardiens accul\u00e9s \u00e0 des pratiques indignes qui ruinent le lien entre les patients et leurs familles et les soignants.<\/span><\/span><\/div>\n<div class=\"\"><span class=\"\"><span class=\"\" style=\"color: #000000;\">Peut \u00eatre convient-il de vous rappeler&nbsp;les propos d&rsquo;Adeline Hazan,(<a href=\"_wp_link_placeholder\" data-wplink-edit=\"true\">CGLPL<\/a>) &nbsp;\u00ab\u00a0Le manque de moyens est \u00e9vident. Les praticiens nous expliquent souvent que s\u2019ils disposaient d\u2019une heure pour faire baisser la pression lors d\u2019un moment d\u2019agitation d\u2019un patient, cela permettait d\u2019\u00e9viter l\u2019isolement ou la contention physique\u00a0\u00bb <\/span><\/span><\/div>\n<div class=\"\"><span class=\"\"><span class=\"\" style=\"color: #000000;\">Comment restaurer une confiance quand les personnes cens\u00e9es soigner vous attachent les 4 membres, voire vous sanglent le torse pendant plusieurs heures, jours, semaines, mois ? Les \u00e9quipes sont de plus en plus d\u00e9munies face aux injonctions qui p\u00e8sent sur elles et qui leur font violence.<\/span><\/span><\/div>\n<div class=\"\"><span class=\"\"><span class=\"\" style=\"color: #000000;\">La maladie mentale est une maladie du lien \u00e0 l\u2019autre. La contention et l&rsquo;isolement, pratiques r\u00e9gressives d&rsquo;un autre temps, signent l&rsquo;\u00e9chec du soin dans un moment crucial o\u00f9 les patients ont besoin d&rsquo;apaisement et de r\u00e9assurance. Dans un moment o\u00f9 ils ont besoin d&rsquo;une parole et de gestes t\u00e9moignant d\u2019une r\u00e9elle empathie pour contenir leur souffrance, ils subissent une vraie violence qui se referme tant sur les patients que sur les soignants.&nbsp;<\/span><\/span><\/div>\n<div class=\"\"><span class=\"\"><span class=\"\" style=\"color: #000000;\">Voil\u00e0 pourquoi les professionnels doivent \u00eatre form\u00e9s \u00e0 la relation clinique, \u00e0 la pycho-pathologie, \u00e0 une r\u00e9flexion sur le sens des sympt\u00f4mes qui se manifestent, et pas seulement sur les th\u00e9rapeutiques m\u00e9dicamenteuses, ni sur des protocoles standardis\u00e9s.&nbsp;<\/span><\/span><\/div>\n<div class=\"\"><span class=\"\"><span class=\"\" style=\"color: #000000;\">Nous sommes tr\u00e8s inquiets sur le devenir de la prise en charge des patients quand le premier d\u00e9l\u00e9gu\u00e9 minist\u00e9riel \u00e0 la psychiatrie que vous venez tout juste de nommer affirme qu\u2019une pratique d\u00e9gradante, irrespectueuse des droits des patients, est un soin. Cela confirme nos doutes quant \u00e0 sa conception de l\u2019homme et de la folie et quant aux soins qui seront apport\u00e9s aux patients.<\/span><\/span><\/div>\n<div class=\"\"><strong><span class=\"\"><span class=\"\" style=\"color: #000000;\">Collectif des 39<\/span><\/span><\/strong><\/div>\n<div class=\"\"><a class=\"\" href=\"http:\/\/lefilconducteurpsy.com\/\">Le Fil Conducteur Psy<\/a><\/div>\n<\/div>\n<\/div>\n\n\n<p><\/p>\n","protected":false},"excerpt":{"rendered":"<p>LA CONTENTION N\u2019EST PAS UN SOIN &#8211; Fil conducteur Lors d\u2019un colloque organis\u00e9 au s\u00e9nat, en septembre 2015, en pr\u00e9sence de plusieurs parlementaires des deux assembl\u00e9es nous avons initi\u00e9 une p\u00e9tition NON \u00c0 LA CONTENTION. Nous affirmions entre autre dans ce texte que la contention n\u2019est pas un soin comme le pr\u00e9cisera ensuite l\u2019Article 72 &hellip; <a href=\"https:\/\/www.collectifpsychiatrie.fr\/?p=8825\" class=\"more-link\">Continuer la lecture de <span class=\"screen-reader-text\">LA CONTENTION N&rsquo;EST PAS UN SOIN &#8211; Lettre ouverte \u00e0 Madame Buzyn et Monsieur Bellivier<\/span>  <span class=\"meta-nav\">&rarr;<\/span><\/a><\/p>\n","protected":false},"author":78,"featured_media":0,"comment_status":"closed","ping_status":"open","sticky":false,"template":"","format":"standard","meta":{"footnotes":""},"categories":[4],"tags":[389],"class_list":["post-8825","post","type-post","status-publish","format-standard","hentry","category-communiques-des-39","tag-fil-conducteur"],"_links":{"self":[{"href":"https:\/\/www.collectifpsychiatrie.fr\/index.php?rest_route=\/wp\/v2\/posts\/8825","targetHints":{"allow":["GET"]}}],"collection":[{"href":"https:\/\/www.collectifpsychiatrie.fr\/index.php?rest_route=\/wp\/v2\/posts"}],"about":[{"href":"https:\/\/www.collectifpsychiatrie.fr\/index.php?rest_route=\/wp\/v2\/types\/post"}],"author":[{"embeddable":true,"href":"https:\/\/www.collectifpsychiatrie.fr\/index.php?rest_route=\/wp\/v2\/users\/78"}],"replies":[{"embeddable":true,"href":"https:\/\/www.collectifpsychiatrie.fr\/index.php?rest_route=%2Fwp%2Fv2%2Fcomments&post=8825"}],"version-history":[{"count":16,"href":"https:\/\/www.collectifpsychiatrie.fr\/index.php?rest_route=\/wp\/v2\/posts\/8825\/revisions"}],"predecessor-version":[{"id":9269,"href":"https:\/\/www.collectifpsychiatrie.fr\/index.php?rest_route=\/wp\/v2\/posts\/8825\/revisions\/9269"}],"wp:attachment":[{"href":"https:\/\/www.collectifpsychiatrie.fr\/index.php?rest_route=%2Fwp%2Fv2%2Fmedia&parent=8825"}],"wp:term":[{"taxonomy":"category","embeddable":true,"href":"https:\/\/www.collectifpsychiatrie.fr\/index.php?rest_route=%2Fwp%2Fv2%2Fcategories&post=8825"},{"taxonomy":"post_tag","embeddable":true,"href":"https:\/\/www.collectifpsychiatrie.fr\/index.php?rest_route=%2Fwp%2Fv2%2Ftags&post=8825"}],"curies":[{"name":"wp","href":"https:\/\/api.w.org\/{rel}","templated":true}]}}