{"id":8877,"date":"2019-11-29T00:24:50","date_gmt":"2019-11-29T00:24:50","guid":{"rendered":"http:\/\/www.collectifpsychiatrie.fr\/?p=8877"},"modified":"2020-11-28T18:51:25","modified_gmt":"2020-11-28T18:51:25","slug":"appel-pour-le-maintien-de-la-pluralite-des-approches-scientifiques","status":"publish","type":"post","link":"https:\/\/www.collectifpsychiatrie.fr\/?p=8877","title":{"rendered":"APPEL POUR LE MAINTIEN DE LA PLURALITE  DES APPROCHES SCIENTIFIQUES"},"content":{"rendered":"<p>Collectif des 39, \u00a0 le 15 novembre 2019<\/p>\n<p>Nous, citoyens r\u00e9unis autour et dans le Collectif des 39 &#8211; que l\u2019on soit (ou non) analysants, patients, ex-analysants, familles de malades, psychanalystes, psychiatres, psychologues, infirmiers et soignants d\u2019autres disciplines, enseignants, chercheurs, artistes&#8230; &#8211; nous d\u00e9fendons avec force, l&rsquo;enseignement et la place de la psychanalyse et des sciences humaines dans la formation en m\u00e9decine et en psychiatrie, dans l\u2019enseignement des psychologues, et des autres intervenants dans ces domaines.<\/p>\n<p>Nous nous insurgeons contre l&rsquo;attaque massive de notre culture, riche des sciences humaines et de la psychanalyse, dont elle s&rsquo;est toujours nourrie et qu&rsquo;elle a fortement influenc\u00e9es en retour. Nous soutenons que l&rsquo;apport psychanalytique a pu contribuer \u00e0 ce que nous sommes en tant que professionnels et, ou, en tant que sujet.<\/p>\n<p>Nous refusons l\u2019orchestration du rejet, du d\u00e9ni voire de l&rsquo;\u00e9radication de cette approche de l&rsquo;humain dans notre soci\u00e9t\u00e9, dans ses institutions, y compris dans l\u2019enseignement. La psychanalyse a toujours \u00e9t\u00e9 mise \u00e0 l\u2019index \u00e0 partir du moment o\u00f9 une chape d\u2019id\u00e9ologies despotiques commen\u00e7ait \u00e0 se refermer sur les libert\u00e9s et le pluralisme d\u2019une soci\u00e9t\u00e9, y compris pluralisme scientifique.<!--more--><\/p>\n<p>Aujourd\u2019hui, nous assistons \u00e0 la manipulation des pouvoirs publics par certains professionnels et par des lobbys (industrie pharmaceutique,\u00a0<i>Institut Montaigne<\/i>, lobby\u00a0<i>FondaMental<\/i>, marchands des \u00ab\u00a0applis\u00a0\u00bb r\u00e9\u00e9ducatives\u2026) au service d&rsquo;une h\u00e9g\u00e9monie des sciences neuro-comportementales et de leur conception forc\u00e9ment partielle de l\u2019individu humain.\u00a0De plus, cette vision \u00ab\u00a0objectivante\u00a0\u00bb, qui ne consid\u00e8re les patients, \u00e9l\u00e8ves et citoyens qu\u2019\u00e0 l\u2019aune de leurs circuits neuronaux est d\u00e9tourn\u00e9e par l\u2019ex\u00e9cutif actuel au service des politiques ultralib\u00e9rales si destructrices des liens humains dans l\u2019\u00e9ducation, le soin et la culture.<\/p>\n<p>Nous revendiquons notre humanit\u00e9 culturelle et sociale et refusons qu\u2019elle ne soit envisag\u00e9e que comme un simple fonctionnement du cerveau. Nous sommes afflig\u00e9s de voir les 60 psychiatres et psychologues ayant r\u00e9cemment sign\u00e9 une Tribune dans l\u2019hebdomadaire <i>Nouvel Obs<\/i>\u00a0*se r\u00e9f\u00e9rer \u00e0 \u00ab La science \u00bb, comme si elle \u00e9tait \u00ab univoque \u00bb pour mieux divulguer des propos triviaux voire des fakes news concernant la psychanalyse et son fondateur Sigmund Freud. Confondre sciemment tout un champ scientifique et ses contributions avec certaines d\u00e9rives d\u2019applications de ses apports est un proc\u00e9d\u00e9 simpliste et malveillant, qui en dit plus sur ses auteurs et ses signataires que sur l\u2019objet de leur fixation. Doit-on leur rappeler que tout champ scientifique, y compris le leur, peut produire les d\u00e9rives d\u2019application, qui n\u2019invalident pas pour autant l\u2019apport \u00e9pist\u00e9mologique de celui-ci dans son ensemble\u00a0? Les exemples ne manquent pas (lobotomies des malades psychiatriques, ou st\u00e9rilisations massives de d\u00e9ficients intellectuels &#8211; d\u00e9rives produites par les approches centr\u00e9es sur la tare du cerveau).<\/p>\n<p>Nous, citoyens appelons les pouvoirs publics \u00e0 garantir le maintien de la pluralit\u00e9 des r\u00e9f\u00e9rentiels th\u00e9oriques n\u00e9cessaires \u00e0 l&rsquo;\u00e9mergence d&rsquo;une pens\u00e9e scientifique ouverte \u00e0 la critique. Nous appelons les responsables universitaires, institutionnels et politiques \u00e0 soutenir la transmission de la culture et des savoirs dans toute leur diversit\u00e9 \u00e9pist\u00e9mologique. Nous appelons les m\u00e9dias \u00e0 la vigilance, pour ne pas favoriser unilat\u00e9ralement les id\u00e9ologies qui appellent \u00e0 r\u00e9duire les libert\u00e9s et le pluralisme de notre soci\u00e9t\u00e9.<\/p>\n<p><span class=\"Apple-converted-space\">*\u00a0<\/span>Nouvel Obs du 22 octobre 2019. Tribune initi\u00e9e par la documentariste \u00ab\u00a0choc\u00a0\u00bb Sophie Robert.<\/p>\n","protected":false},"excerpt":{"rendered":"<p>Collectif des 39, \u00a0 le 15 novembre 2019 Nous, citoyens r\u00e9unis autour et dans le Collectif des 39 &#8211; que l\u2019on soit (ou non) analysants, patients, ex-analysants, familles de malades, psychanalystes, psychiatres, psychologues, infirmiers et soignants d\u2019autres disciplines, enseignants, chercheurs, artistes&#8230; &#8211; nous d\u00e9fendons avec force, l&rsquo;enseignement et la place de la psychanalyse et des &hellip; <a href=\"https:\/\/www.collectifpsychiatrie.fr\/?p=8877\" class=\"more-link\">Continuer la lecture de <span class=\"screen-reader-text\">APPEL POUR LE MAINTIEN DE LA PLURALITE  DES APPROCHES SCIENTIFIQUES<\/span>  <span class=\"meta-nav\">&rarr;<\/span><\/a><\/p>\n","protected":false},"author":78,"featured_media":0,"comment_status":"closed","ping_status":"open","sticky":false,"template":"","format":"standard","meta":{"footnotes":""},"categories":[4],"tags":[],"class_list":["post-8877","post","type-post","status-publish","format-standard","hentry","category-communiques-des-39"],"_links":{"self":[{"href":"https:\/\/www.collectifpsychiatrie.fr\/index.php?rest_route=\/wp\/v2\/posts\/8877","targetHints":{"allow":["GET"]}}],"collection":[{"href":"https:\/\/www.collectifpsychiatrie.fr\/index.php?rest_route=\/wp\/v2\/posts"}],"about":[{"href":"https:\/\/www.collectifpsychiatrie.fr\/index.php?rest_route=\/wp\/v2\/types\/post"}],"author":[{"embeddable":true,"href":"https:\/\/www.collectifpsychiatrie.fr\/index.php?rest_route=\/wp\/v2\/users\/78"}],"replies":[{"embeddable":true,"href":"https:\/\/www.collectifpsychiatrie.fr\/index.php?rest_route=%2Fwp%2Fv2%2Fcomments&post=8877"}],"version-history":[{"count":3,"href":"https:\/\/www.collectifpsychiatrie.fr\/index.php?rest_route=\/wp\/v2\/posts\/8877\/revisions"}],"predecessor-version":[{"id":8995,"href":"https:\/\/www.collectifpsychiatrie.fr\/index.php?rest_route=\/wp\/v2\/posts\/8877\/revisions\/8995"}],"wp:attachment":[{"href":"https:\/\/www.collectifpsychiatrie.fr\/index.php?rest_route=%2Fwp%2Fv2%2Fmedia&parent=8877"}],"wp:term":[{"taxonomy":"category","embeddable":true,"href":"https:\/\/www.collectifpsychiatrie.fr\/index.php?rest_route=%2Fwp%2Fv2%2Fcategories&post=8877"},{"taxonomy":"post_tag","embeddable":true,"href":"https:\/\/www.collectifpsychiatrie.fr\/index.php?rest_route=%2Fwp%2Fv2%2Ftags&post=8877"}],"curies":[{"name":"wp","href":"https:\/\/api.w.org\/{rel}","templated":true}]}}