{"id":8890,"date":"2019-12-29T22:27:25","date_gmt":"2019-12-29T22:27:25","guid":{"rendered":"http:\/\/www.collectifpsychiatrie.fr\/?p=8890"},"modified":"2020-11-28T18:47:41","modified_gmt":"2020-11-28T18:47:41","slug":"reponse-a-madame-wonner-qui-persiste-et-signe-suivie-de-la-lettre-de-celle-ci","status":"publish","type":"post","link":"https:\/\/www.collectifpsychiatrie.fr\/?p=8890","title":{"rendered":"R\u00c9PONSE \u00e0 Madame Wonner QUI persiste et signe, suivie de la lettre de celle-ci"},"content":{"rendered":"<p><strong>Danielle L\u00e9vy, pour le Collectif des 39<\/strong><\/p>\n<p>Stup\u00e9faits de constater que Mme Martine Wonner, d\u00e9put\u00e9e LREM \u00a0de la 4e circonscription du Bas Rhin, membre de la Commission des affaires sociales, psychiatre de profession, avait \u00a0sign\u00e9 une \u00a0p\u00e9tition r\u00e9clamant \u00ab\u00a0l&rsquo;exclusion des tribunaux, des h\u00f4pitaux et des universit\u00e9s, de la totalit\u00e9 des psychiatres et des psychologues se r\u00e9f\u00e9rant \u00e0 la psychanalyse\u00a0\u00bb, des membres du Collectif des 39, de l\u2019Appel des Appels, de \u00a0l\u2019Union Syndicale de la psychiatrie\u00a0et\u00a0des universitaires du\u00a0SIUEERPP\u00a0(S\u00e9minaire Inter-Universitaire Europ\u00e9en d\u2019Enseignement et de Recherche en Psychopathologie et Psychanalyse) avaient \u00a0\u00e9crit \u00e0 Gilles Le Gendre, pr\u00e9sident du groupe parlementaire LREM, le 12 d\u00e9cembre 2019,\u00a0 pour lui \u00a0demander de les \u00a0rassurer \u00ab\u00a0quant aux options sur cette\u00a0question du \u00a0groupe parlementaire qu\u2019il\u00a0 pr\u00e9side\u00a0\u00bb, et\u00a0 \u00ab\u00a0pour le prier instamment de veiller \u00e0 ce que les membres de ce groupe \u00a0ne relayent pas les discours de haine et d\u2019exclusion\u00bb. (Nous vous rappelons que la p\u00e9tition initiale intitul\u00e9e \u00a0\u00abla psychanalyse, exercice ill\u00e9gal de la m\u00e9decine\u00a0\u00bb, \u00a0qui a recueilli\u00a0 2400 signatures dont celle de \u00a0Madame Wonner, a suscit\u00e9 la r\u00e9action, souvent indign\u00e9e, de 35200 \u00a0personnes.)<\/p>\n<p>A ce jour,\u00a0M. Le Gendre n\u2019a pas r\u00e9pondu \u00e0 cette lettre. \u00a0 \u00a0 \u00a0 \u00a0 \u00a0 \u00a0 \u00a0 \u00a0 \u00a0 \u00a0 \u00a0 \u00a0 \u00a0 \u00a0 \u00a0Madame Wonner l\u2019a fait, \u00e0 un seul de ses signataires.<\/p>\n<p>La lecture de sa r\u00e9ponse n\u2019est pas de nature \u00e0 nous rassurer.<!--more--><\/p>\n<p>Cette d\u00e9put\u00e9e, qui pr\u00e9tend avoir le plus grand respect pour les professionnels de sant\u00e9,\u00a0n\u2019h\u00e9site pas \u00e0 stigmatiser nombre d\u2019entre eux, relayant les accusations mensong\u00e8res et outrageantes \u00a0de \u00a0la p\u00e9tition qu\u2019elle a sign\u00e9e.<\/p>\n<p>A notre demande \u00ab de voir garantie la qualit\u00e9 des d\u00e9bats qui pr\u00e9sideront \u00e0 l\u2019am\u00e9lioration du fonctionnement de nos tribunaux, de nos h\u00f4pitaux et de nos universit\u00e9s\u00a0\u00bb, \u00a0elle ne sait qu\u2019opposer \u00a0des id\u00e9es re\u00e7ues, caricaturales \u00a0sur la psychanalyse (\u00ab\u00a0chosification\u00a0\u00bb\u00a0\u00a0des patients\u00a0\u00bb \u00abdogmes psycho-sexuels freudo-lacaniens\u00a0\u00bb\u2026) colport\u00e9es par cette m\u00eame p\u00e9tition.<\/p>\n<p>Elle pr\u00e9tend aussi s\u2019inqui\u00e9ter des d\u00e9lais de prise en charge des patients, alors qu\u2019elle soutient les politiques des Agences R\u00e9gionales de Sant\u00e9 (ARS) \u00a0qui, depuis des ann\u00e9es, ferment des consultations, des h\u00f4pitaux de jour, des services de soin \u00e0 domicile, d\u00e9truisent les \u00e9quipes de secteur\u2026<\/p>\n<p>Qui \u00a0est \u00a0responsable de cette \u00ab\u00a0chosification\u00a0\u00bb et\u00a0entretient\u00a0\u00a0la maltraitance des patients soumis \u00e0 d&rsquo;insupportables d\u00e9lais d\u2019attente avant de pouvoir \u00eatre pris en charge?<\/p>\n<p>Les psychanalystes ou Martine Wonner, d\u00e9put\u00e9e de la majorit\u00e9, ayant pr\u00e9sid\u00e9 2 missions parlementaires sur la psychiatrie ?<\/p>\n<p>Les psychanalystes qui travaillent dans les \u00e9quipes pluridisciplinaires des CMP et CMPP, o\u00f9 ils accueillent, un par un, quelle que soit leur symptomatologie, et le plus t\u00f4t possible apr\u00e8s qu\u2019ils en ont fait la demande, des adultes, des enfants et leur famille en d\u00e9tresse, dans ces\u00a0lieux de\u00a0consultations proches de leur domicile, r\u00e9duisant ainsi les in\u00e9galit\u00e9s territoriales d\u2019acc\u00e8s au soin?<\/p>\n<p>Les psychanalystes ou bien les nouvelles politiques de sant\u00e9 mentale men\u00e9es par les ARS et pilot\u00e9es par la Haute Autorit\u00e9 de Sant\u00e9\u00a0?<\/p>\n<p>Politiques qui imposent la mise en place de \u00ab\u00a0plateformes diagnostic\u00a0\u00bb visant \u00e0 trier des flux de patients, \u00e0 les g\u00e9rer comme des marchandises, \u00e0 les orienter vers un parcours de soin obligatoire (traitement m\u00e9dicamenteux, r\u00e9\u00e9ducations et th\u00e9rapies comportementalistes) aux d\u00e9pens de leur libert\u00e9 de choix\u00a0 et\u00a0 dans l\u2019indiff\u00e9rence \u00e0 leur demande.<\/p>\n<p>Pour justifier ces politiques, men\u00e9es pour des raisons purement id\u00e9ologiques et budg\u00e9taires, Madame Wonner nous livre une pr\u00e9sentation\u00a0d\u00e9form\u00e9e \u00a0de la r\u00e9alit\u00e9 de la\u00a0psychiatrie et jette le discr\u00e9dit sur une partie des soignants \u00a0qui y travaillent .<\/p>\n<p>Nous constatons que, malgr\u00e9 cela, elle occupe les fonctions de Vice-Pr\u00e9sidente des Groupes d\u2019\u00c9tudes de la \u00ab\u00a0Lutte contre les addictions\u00a0\u00bb\u00a0et de celui sur la \u00ab\u00a0Pauvret\u00e9, pr\u00e9carit\u00e9 et sans-abri\u00a0\u00bb &#8211; tous deux fl\u00e9aux relevant d\u2019approches soignantes multiples.<\/p>\n<p>Peut-elle se montrer aujourd\u2019hui publiquement juge et partie ?<\/p>\n<p><strong>Lire \u00a0aussi le\u00a0<time class=\"\" datetime=\"2019-12-20\">20 d\u00e9c. 2019<\/time> Par Paul Machto \u00a0 \u00a0\u00a0<a href=\"https:\/\/blogs.mediapart.fr\/edition\/contes-de-la-folie-ordinaire\/article\/201219\/les-aveux-de-martine-wonner\">https:\/\/blogs.mediapart.fr\/edition\/contes-de-la-folie-ordinaire\/article\/201219\/les-aveux-de-martine-wonner<\/a><\/strong><\/p>\n<blockquote>\n<div dir=\"ltr\">\n<div dir=\"ltr\">\n<p><span style=\"color: #0000ff;\"><b>Lettre de Martine Wonner, D\u00e9put\u00e9e du Bas-Rhin<\/b><\/span><\/p>\n<p><span style=\"font-size: 16px; color: #0000ff;\">\u00a0Psychanalyse et sant\u00e9 mentale : pour le respect de la sant\u00e9 publique et l\u2019acc\u00e8s aux soins pour tous !<\/span><\/p>\n<\/div>\n<\/div>\n<\/blockquote>\n<div dir=\"ltr\">\n<div dir=\"ltr\">\n<p><span style=\"color: #0000ff;\">Bonjour,<u><\/u><u><\/u><\/span><\/p>\n<p><span style=\"color: #0000ff;\">J\u2019ai appris ce jour la demande formul\u00e9e au Pr\u00e9sident du groupe parlementaire auquel j\u2019appartiens \u00e0 l\u2019Assembl\u00e9e nationale, remettant en question les fonctions que j\u2019occupe au sein de groupes d\u2019\u00e9tudes parlementaires, au motif que mon opinion exprim\u00e9e sur la psychanalyse stigmatiserait\u00a0\u00ab\u00a0<i>des citoyens, professionnels du soin, enseignants, chercheurs, tous acteurs engag\u00e9s de la vie sociale\u00a0<\/i>\u00bb.<u><\/u><u><\/u><\/span><\/p>\n<p><span style=\"color: #0000ff;\">J\u2019ai toujours, tout au long de ma vie et de surcro\u00eet depuis mon \u00e9lection \u00e0 l\u2019Assembl\u00e9e nationale, eu le plus grand respect pour tous les professionnels de sant\u00e9 qui chaque jour, sur tout le territoire, rendent le plus beau des services\u00a0: celui de soigner.<u><\/u><u><\/u><\/span><\/p>\n<p><span style=\"color: #0000ff;\">Psychiatre de profession, je suis fermement engag\u00e9e pour la d\u00e9stigmatisation des troubles psychiques, le respect du libre choix des patients et de leurs droits fondamentaux\u00a0; les deux missions parlementaires que j\u2019ai men\u00e9es en 2019 ont plaid\u00e9 en ce sens.<u><\/u><u><\/u><\/span><\/p>\n<p><span style=\"color: #0000ff;\">Comme m\u00e9decin mais comme D\u00e9put\u00e9e avant tout, ma responsabilit\u00e9 est d\u2019assurer que le code de la sant\u00e9 publique et les recommandations de la Haute Autorit\u00e9 de Sant\u00e9 \u2013 aussi perfectibles qu\u2019elles soient \u2013 s\u2019appliquent de la m\u00eame mani\u00e8re partout sur le territoire national. J\u2019ai acquis l\u2019intime conviction que les in\u00e9galit\u00e9s territoriales de prise en charge en sant\u00e9 mentale repr\u00e9sentent, pour nos concitoyennes et concitoyens une v\u00e9ritable perte de chance que sous aucun pr\u00e9texte je ne pourrais tol\u00e9rer.<u><\/u><u><\/u><\/span><\/p>\n<p><span style=\"color: #0000ff;\">L\u2019\u00e9cole de pens\u00e9e psychanalytique, comme tous les courants de pens\u00e9e, ne saurait \u00eatre exempte de questionnements visant \u00e0 am\u00e9liorer la prise en charge des patients. Je reprends \u00e0 mon compte la phrase tir\u00e9e de la p\u00e9tition que j\u2019ai sign\u00e9e \u00e0 ce sujet\u00a0: \u00ab\u00a0l<i>e refus de nombre de psychanalystes de poser un diagnostic, l\u2019ignorance volontaire des sympt\u00f4mes, la chosification et la maltraitance des patients et leur famille au nom de dogmes psychosexuels freudo-lacaniens obsol\u00e8tes sont monnaie courante aujourd\u2019hui. Le traitement de ces personnes comme des patients de \u2018seconde zone\u2019 n\u2019est plus tol\u00e9rable en France.<\/i>\u00a0\u00bb<u><\/u><u><\/u><\/span><\/p>\n<p><span style=\"color: #0000ff;\">Ma m\u00e9thode a toujours \u00e9t\u00e9, et sera toujours celle du dialogue. Durant mes deux missions parlementaires, de janvier \u00e0 septembre 2019, j\u2019ai re\u00e7u tous les syndicats, personnels soignants, de toutes les \u00e9coles de pens\u00e9es de la sant\u00e9 mentale. Sous aucun pr\u00e9texte je ne c\u00e8derai aux multiples pressions venues\u00a0 de toutes parts que je subis depuis la publication de mes rapports, sympt\u00f4mes de la difficult\u00e9 de ces champs de la m\u00e9decine \u00e0 entrer dans le XXI\u00e8me si\u00e8cle. Les d\u00e9lais de prise en charge avoisinant plusieurs mois ne sont pas acceptables et l\u2019activit\u00e9 uniquement programm\u00e9e ne peut garantir une r\u00e9ponse aux besoins des patients. \u00c9valuer les pratiques des sp\u00e9cialistes, quel que soit le champ de la m\u00e9decine, et donc les psychiatres et autres psychanalystes est une imp\u00e9rieuse n\u00e9cessit\u00e9 pour une meilleure qualit\u00e9 des soins\u00a0.<u><\/u><u><\/u><\/span><\/p>\n<p><span style=\"color: #0000ff;\">A l\u2019occasion du processus l\u00e9gislatif qui s\u2019ouvrira en janvier, ma porte sera toujours ouverte \u00e0 celles et ceux qui sont pr\u00eats au dialogue, loin des dogmatismes et luttes st\u00e9riles.<\/span><\/p>\n<\/div>\n<\/div>\n","protected":false},"excerpt":{"rendered":"<p>Danielle L\u00e9vy, pour le Collectif des 39 Stup\u00e9faits de constater que Mme Martine Wonner, d\u00e9put\u00e9e LREM \u00a0de la 4e circonscription du Bas Rhin, membre de la Commission des affaires sociales, psychiatre de profession, avait \u00a0sign\u00e9 une \u00a0p\u00e9tition r\u00e9clamant \u00ab\u00a0l&rsquo;exclusion des tribunaux, des h\u00f4pitaux et des universit\u00e9s, de la totalit\u00e9 des psychiatres et des psychologues se &hellip; <a href=\"https:\/\/www.collectifpsychiatrie.fr\/?p=8890\" class=\"more-link\">Continuer la lecture de <span class=\"screen-reader-text\">R\u00c9PONSE \u00e0 Madame Wonner QUI persiste et signe, suivie de la lettre de celle-ci<\/span>  <span class=\"meta-nav\">&rarr;<\/span><\/a><\/p>\n","protected":false},"author":78,"featured_media":0,"comment_status":"closed","ping_status":"open","sticky":false,"template":"","format":"standard","meta":{"footnotes":""},"categories":[372],"tags":[],"class_list":["post-8890","post","type-post","status-publish","format-standard","hentry","category-articles-39"],"_links":{"self":[{"href":"https:\/\/www.collectifpsychiatrie.fr\/index.php?rest_route=\/wp\/v2\/posts\/8890","targetHints":{"allow":["GET"]}}],"collection":[{"href":"https:\/\/www.collectifpsychiatrie.fr\/index.php?rest_route=\/wp\/v2\/posts"}],"about":[{"href":"https:\/\/www.collectifpsychiatrie.fr\/index.php?rest_route=\/wp\/v2\/types\/post"}],"author":[{"embeddable":true,"href":"https:\/\/www.collectifpsychiatrie.fr\/index.php?rest_route=\/wp\/v2\/users\/78"}],"replies":[{"embeddable":true,"href":"https:\/\/www.collectifpsychiatrie.fr\/index.php?rest_route=%2Fwp%2Fv2%2Fcomments&post=8890"}],"version-history":[{"count":6,"href":"https:\/\/www.collectifpsychiatrie.fr\/index.php?rest_route=\/wp\/v2\/posts\/8890\/revisions"}],"predecessor-version":[{"id":8993,"href":"https:\/\/www.collectifpsychiatrie.fr\/index.php?rest_route=\/wp\/v2\/posts\/8890\/revisions\/8993"}],"wp:attachment":[{"href":"https:\/\/www.collectifpsychiatrie.fr\/index.php?rest_route=%2Fwp%2Fv2%2Fmedia&parent=8890"}],"wp:term":[{"taxonomy":"category","embeddable":true,"href":"https:\/\/www.collectifpsychiatrie.fr\/index.php?rest_route=%2Fwp%2Fv2%2Fcategories&post=8890"},{"taxonomy":"post_tag","embeddable":true,"href":"https:\/\/www.collectifpsychiatrie.fr\/index.php?rest_route=%2Fwp%2Fv2%2Ftags&post=8890"}],"curies":[{"name":"wp","href":"https:\/\/api.w.org\/{rel}","templated":true}]}}