{"id":8897,"date":"2020-03-07T18:57:29","date_gmt":"2020-03-07T18:57:29","guid":{"rendered":"http:\/\/www.collectifpsychiatrie.fr\/?p=8897"},"modified":"2021-05-14T13:02:06","modified_gmt":"2021-05-14T13:02:06","slug":"pedopsychiatrie-menace-sur-les-cmpp-en-nouvelle-aquitaine","status":"publish","type":"post","link":"https:\/\/www.collectifpsychiatrie.fr\/?p=8897","title":{"rendered":"P\u00e9dopsychiatrie \u2013 Menace sur  les  CMPP  en Nouvelle-Aquitaine"},"content":{"rendered":"<p>Collectif des 39 &nbsp; &nbsp; &nbsp; &nbsp;&nbsp;28 f\u00e9vrier 2020<\/p>\n<p>Une vive r\u00e9action des professionnels de terrain, de leurs partenaires et des familles d\u2019enfants concern\u00e9s a \u00e9t\u00e9 provoqu\u00e9e par le <i>Cahier des charges r\u00e9gional<\/i> des CMPP en Nouvelle-Aquitaine, transmis en fin d\u2019ann\u00e9e derni\u00e8re.<\/p>\n<p>Les CMPP, o\u00f9 travaillent ensemble, depuis des d\u00e9cennies, des p\u00e9dopsychiatres, des psychologues, des p\u00e9dagogues, des orthophonistes, des psychomotriciens \u2026 proposent aux enfants de 0 \u00e0 20 ans et \u00e0 leur famille, un accueil et un soin individualis\u00e9s, qui tendent \u00e0 prendre en compte leur parcours psychique dans toutes ses dimensions (m\u00e9dicale, d\u00e9veloppementale, et psycho-sociale\u2026).<\/p>\n<p>Les CMPP (tout comme les CMP enfants) re\u00e7oivent, sans \u00e0 priori, toutes les familles qui les contactent, le plus t\u00f4t possible apr\u00e8s qu\u2019elles en aient fait la demande. Ces centres ont malheureusement subi des baisses importantes du nombre de professionnels au cours des derni\u00e8res ann\u00e9es, des structures ont \u00e9t\u00e9 d\u00e9plac\u00e9es, ferm\u00e9es&#8230; et les listes d\u2019attente se font alors de plus en plus longues. C\u2019est une nouvelle attaque que subissent les CMPP en Nouvelle-Aquitaine :<!--more--> l\u2019ARS exige (sans concertation) la transformation radicale de ces lieux de consultation g\u00e9n\u00e9raliste en \u00ab&nbsp;centres experts&nbsp;\u00bb de diagnostic d\u2019un seul type de pathologie dite \u00ab&nbsp;du neuro-d\u00e9veloppement&nbsp;\u00bb (concept dont les bases scientifiques sont controvers\u00e9es et la pertinence clinique non-confirm\u00e9e, mais qui sert d&rsquo;alibi pour gommer l&rsquo;existence des dimensions psychodynamiques et psychosociales des pathologies p\u00e9dopsychiatriques). L\u2019ARS somme les CMPP de renoncer au soin psychique individualis\u00e9 au profit d\u2019une \u00ab&nbsp;gestion&nbsp;\u00bb de cohortes de cas&nbsp;: les enfants devraient se voir attribuer automatiquement un diagnostic et \u00eatre dispatch\u00e9s, selon leur \u00ab&nbsp;neuro-pathologie&nbsp;\u00bb, \u00e0 des r\u00e9\u00e9ducateurs et parfois th\u00e9rapeutes. Ainsi, seules certaines familles auraient droit au remboursement des \u00ab&nbsp;soins&nbsp;\u00bb (au prix souvent pour leur enfant d\u2019une \u00e9tiquette d\u2019handicap\u00e9).<span class=\"Apple-converted-space\">&nbsp;<\/span><\/p>\n<p>Ce document de l\u2019ARS est une nouvelle tentative de la part des tenants d\u2019une vision orient\u00e9e et excluante du d\u00e9veloppement des enfants d\u2019imposer une approche r\u00e9ductrice, purement neuro-\u00e9ducative des \u00ab&nbsp;troubles&nbsp;\u00bb, au d\u00e9triment de la vision globale de l\u2019enfant. Le ton autoritaire et la d\u00e9marche brutale qui visent \u00e0 imposer par le haut des \u00ab&nbsp;plateformes&nbsp;\u00bb de \u00ab&nbsp;neurod\u00e9veloppement&nbsp;\u00bb \u00e0 la population, au prix de la d\u00e9structuration des CMPP, doit alerter les autorit\u00e9s comp\u00e9tentes. Car ce ton et cette d\u00e9marche pourraient s\u2019apparenter \u00e0 un \u00ab&nbsp;harc\u00e8lement moral institutionnel&nbsp;\u00bb que v\u00e9hiculent certaines d\u00e9marches manag\u00e9riales, qui se d\u00e9veloppent \u00e9galement \u00e0 l\u2019H\u00f4pital, \u00e0 l\u2019\u00c9cole, \u00e0 l\u2019Universit\u00e9\u2026<\/p>\n<p>Le Collectif des 39 r\u00e9uni ce jour se r\u00e9jouit des r\u00e9actions rapides, au niveau national, d\u2019un grand nombre de soci\u00e9t\u00e9s, f\u00e9d\u00e9rations et associations professionnelles de p\u00e9dopsychiatrie, tant du champ m\u00e9dico-social que sanitaire. Nous apportons un soutien total aux initiatives pr\u00e9vues <b>le vendredi 13 mars 2020 \u00e0 12h30 sous les fen\u00eatres de l\u2019ARS \u00e0 Bordeaux <\/b>(103 B, rue Belleville), d\u00e9termin\u00e9s \u00e0 contenir cette contagion id\u00e9ologique et la brutalit\u00e9 gestionnaire.<\/p>\n","protected":false},"excerpt":{"rendered":"<p>Collectif des 39 &nbsp; &nbsp; &nbsp; &nbsp;&nbsp;28 f\u00e9vrier 2020 Une vive r\u00e9action des professionnels de terrain, de leurs partenaires et des familles d\u2019enfants concern\u00e9s a \u00e9t\u00e9 provoqu\u00e9e par le Cahier des charges r\u00e9gional des CMPP en Nouvelle-Aquitaine, transmis en fin d\u2019ann\u00e9e derni\u00e8re. Les CMPP, o\u00f9 travaillent ensemble, depuis des d\u00e9cennies, des p\u00e9dopsychiatres, des psychologues, des &hellip; <a href=\"https:\/\/www.collectifpsychiatrie.fr\/?p=8897\" class=\"more-link\">Continuer la lecture de <span class=\"screen-reader-text\">P\u00e9dopsychiatrie \u2013 Menace sur  les  CMPP  en Nouvelle-Aquitaine<\/span>  <span class=\"meta-nav\">&rarr;<\/span><\/a><\/p>\n","protected":false},"author":78,"featured_media":0,"comment_status":"closed","ping_status":"open","sticky":false,"template":"","format":"standard","meta":{"footnotes":""},"categories":[4,370],"tags":[384],"class_list":["post-8897","post","type-post","status-publish","format-standard","hentry","category-communiques-des-39","category-groupe-enfance","tag-groupe-enfance"],"_links":{"self":[{"href":"https:\/\/www.collectifpsychiatrie.fr\/index.php?rest_route=\/wp\/v2\/posts\/8897","targetHints":{"allow":["GET"]}}],"collection":[{"href":"https:\/\/www.collectifpsychiatrie.fr\/index.php?rest_route=\/wp\/v2\/posts"}],"about":[{"href":"https:\/\/www.collectifpsychiatrie.fr\/index.php?rest_route=\/wp\/v2\/types\/post"}],"author":[{"embeddable":true,"href":"https:\/\/www.collectifpsychiatrie.fr\/index.php?rest_route=\/wp\/v2\/users\/78"}],"replies":[{"embeddable":true,"href":"https:\/\/www.collectifpsychiatrie.fr\/index.php?rest_route=%2Fwp%2Fv2%2Fcomments&post=8897"}],"version-history":[{"count":4,"href":"https:\/\/www.collectifpsychiatrie.fr\/index.php?rest_route=\/wp\/v2\/posts\/8897\/revisions"}],"predecessor-version":[{"id":9413,"href":"https:\/\/www.collectifpsychiatrie.fr\/index.php?rest_route=\/wp\/v2\/posts\/8897\/revisions\/9413"}],"wp:attachment":[{"href":"https:\/\/www.collectifpsychiatrie.fr\/index.php?rest_route=%2Fwp%2Fv2%2Fmedia&parent=8897"}],"wp:term":[{"taxonomy":"category","embeddable":true,"href":"https:\/\/www.collectifpsychiatrie.fr\/index.php?rest_route=%2Fwp%2Fv2%2Fcategories&post=8897"},{"taxonomy":"post_tag","embeddable":true,"href":"https:\/\/www.collectifpsychiatrie.fr\/index.php?rest_route=%2Fwp%2Fv2%2Ftags&post=8897"}],"curies":[{"name":"wp","href":"https:\/\/api.w.org\/{rel}","templated":true}]}}