{"id":9297,"date":"2021-01-17T10:10:40","date_gmt":"2021-01-17T10:10:40","guid":{"rendered":"http:\/\/www.collectifpsychiatrie.fr\/?p=9297"},"modified":"2021-01-18T11:28:34","modified_gmt":"2021-01-18T11:28:34","slug":"fichiers-de-la-nuit-securitaire","status":"publish","type":"post","link":"https:\/\/www.collectifpsychiatrie.fr\/?p=9297","title":{"rendered":"Fichiers de la nuit s\u00e9curitaire"},"content":{"rendered":"\n<ul class=\"wp-block-gallery columns-1 is-cropped wp-block-gallery-1 is-layout-flex wp-block-gallery-is-layout-flex\"><li class=\"blocks-gallery-item\"><figure><img loading=\"lazy\" decoding=\"async\" width=\"1024\" height=\"771\" src=\"https:\/\/www.collectifpsychiatrie.fr\/wp-content\/uploads\/2021\/01\/FotoBlog21-1024x771.jpg\" alt=\"\" data-id=\"9299\" data-link=\"https:\/\/www.collectifpsychiatrie.fr\/?attachment_id=9299\" class=\"wp-image-9299\" srcset=\"https:\/\/www.collectifpsychiatrie.fr\/wp-content\/uploads\/2021\/01\/FotoBlog21-1024x771.jpg 1024w, https:\/\/www.collectifpsychiatrie.fr\/wp-content\/uploads\/2021\/01\/FotoBlog21-300x226.jpg 300w, https:\/\/www.collectifpsychiatrie.fr\/wp-content\/uploads\/2021\/01\/FotoBlog21-768x578.jpg 768w, https:\/\/www.collectifpsychiatrie.fr\/wp-content\/uploads\/2021\/01\/FotoBlog21.jpg 1642w\" sizes=\"auto, (max-width: 1024px) 100vw, 1024px\" \/><\/figure><\/li><\/ul>\n\n\n\n<p>En ce d\u00e9but d\u2019ann\u00e9e 2021, et comme tous ceux qui manifestent ce jour, le&nbsp;<em>Collectif des 39<\/em>&nbsp;se \u00ab&nbsp;r\u00e9jouit&nbsp;\u00bb d\u2019une toute nouvelle mouture, pr\u00e9par\u00e9e par nos gouvernants, du fichier national de \u00ab&nbsp;<em>personnes ayant des activit\u00e9s susceptibles de porter atteinte \u00e0 la s\u00e9curit\u00e9 publique et \u00e0 la&nbsp;<\/em><em>suret\u00e9 de l\u2019\u00c9tat<\/em>&nbsp;\u00bb en y introduisant les&nbsp;\u00ab&nbsp;<em>donn\u00e9es de sant\u00e9 r\u00e9v\u00e9lant une dangerosit\u00e9 particuli\u00e8re<\/em>&nbsp;\u00bb. C\u2019est une folle avanc\u00e9e vers la \u00ab&nbsp;s\u00e9curit\u00e9 globale&nbsp;\u00bb de l\u2019humanit\u00e9&nbsp;!<\/p>\n\n\n\n<!--more-->\n\n\n\n<p>Cependant, le&nbsp;<em>Collectif des 39<\/em>&nbsp;est \u00ab&nbsp;pein\u00e9&nbsp;\u00bb d\u2019apprendre que tous ceux qui pratiquent l\u2019\u00e9vasion fiscale, le conflit d\u2019int\u00e9r\u00eats priv\u00e9s au sein des structures d\u2019\u00c9tat sans oublier ceux dont l\u2019action d\u00e9truit la&nbsp;plan\u00e8te &#8211; les noms de ces meneurs de la \u00ab&nbsp;r\u00e9volution&nbsp;\u00bb ultra-lib\u00e9rale devant figurer&nbsp;dans ce fichier &#8211; risquent d\u2019\u00eatre amalgam\u00e9s avec celles et ceux, parmi nous tous, qui pr\u00e9sentent des \u00ab&nbsp;<em>troubles psychologiques ou psychiatriques<\/em>&nbsp;\u00bb.&nbsp;\u00c0&nbsp;savoir, ceux qui mangent leurs ongles ou leurs cuticules, ceux qui boivent des verres de vin chaque jour, ceux qui fument une cigarette ou autre, entendent des voix, qui ont des apparitions ou comptent les moutons, ceux qui s\u2019angoissent profond\u00e9ment pour l\u2019avenir ou qui regardent la corde \u2026 et bien d\u2019autres.<\/p>\n\n\n\n<p>A ce propos, le&nbsp;<em>Collectif des 39<\/em>&nbsp;sugg\u00e8re au Conseil d\u2019\u00c9tat &#8211; visiblement permissif en la mati\u00e8re &#8211; la cr\u00e9ation d\u2019un ultime fichier d\u00e9nomm\u00e9&nbsp;<em>H\u00e9ros de la nuit s\u00e9curitaire<\/em>. Il distinguerait les personnes qui portent une atteinte particuli\u00e8rement d\u00e9vastatrice \u00e0 la s\u00e9curit\u00e9 publique et \u00e0 la suret\u00e9 de l\u2019\u00c9tat&nbsp;: celles dans la t\u00eate desquelles a germ\u00e9 l\u2019id\u00e9e de cr\u00e9er et de croiser de tels fichiers&nbsp;!<\/p>\n\n\n\n<p>Collectif des 39<\/p>\n\n\n\n<p>Le 16 janvier 2021 (Jour du mouvement national contre la loi \u00ab&nbsp;s\u00e9curit\u00e9 globale&nbsp;\u00bb)<\/p>\n","protected":false},"excerpt":{"rendered":"<p>En ce d\u00e9but d\u2019ann\u00e9e 2021, et comme tous ceux qui manifestent ce jour, le&nbsp;Collectif des 39&nbsp;se \u00ab&nbsp;r\u00e9jouit&nbsp;\u00bb d\u2019une toute nouvelle mouture, pr\u00e9par\u00e9e par nos gouvernants, du fichier national de \u00ab&nbsp;personnes ayant des activit\u00e9s susceptibles de porter atteinte \u00e0 la s\u00e9curit\u00e9 publique et \u00e0 la&nbsp;suret\u00e9 de l\u2019\u00c9tat&nbsp;\u00bb en y introduisant les&nbsp;\u00ab&nbsp;donn\u00e9es de sant\u00e9 r\u00e9v\u00e9lant une dangerosit\u00e9 &hellip; <a href=\"https:\/\/www.collectifpsychiatrie.fr\/?p=9297\" class=\"more-link\">Continuer la lecture de <span class=\"screen-reader-text\">Fichiers de la nuit s\u00e9curitaire<\/span>  <span class=\"meta-nav\">&rarr;<\/span><\/a><\/p>\n","protected":false},"author":8,"featured_media":0,"comment_status":"closed","ping_status":"open","sticky":false,"template":"","format":"standard","meta":{"footnotes":""},"categories":[4,9],"tags":[],"class_list":["post-9297","post","type-post","status-publish","format-standard","hentry","category-communiques-des-39","category-lois"],"_links":{"self":[{"href":"https:\/\/www.collectifpsychiatrie.fr\/index.php?rest_route=\/wp\/v2\/posts\/9297","targetHints":{"allow":["GET"]}}],"collection":[{"href":"https:\/\/www.collectifpsychiatrie.fr\/index.php?rest_route=\/wp\/v2\/posts"}],"about":[{"href":"https:\/\/www.collectifpsychiatrie.fr\/index.php?rest_route=\/wp\/v2\/types\/post"}],"author":[{"embeddable":true,"href":"https:\/\/www.collectifpsychiatrie.fr\/index.php?rest_route=\/wp\/v2\/users\/8"}],"replies":[{"embeddable":true,"href":"https:\/\/www.collectifpsychiatrie.fr\/index.php?rest_route=%2Fwp%2Fv2%2Fcomments&post=9297"}],"version-history":[{"count":3,"href":"https:\/\/www.collectifpsychiatrie.fr\/index.php?rest_route=\/wp\/v2\/posts\/9297\/revisions"}],"predecessor-version":[{"id":9458,"href":"https:\/\/www.collectifpsychiatrie.fr\/index.php?rest_route=\/wp\/v2\/posts\/9297\/revisions\/9458"}],"wp:attachment":[{"href":"https:\/\/www.collectifpsychiatrie.fr\/index.php?rest_route=%2Fwp%2Fv2%2Fmedia&parent=9297"}],"wp:term":[{"taxonomy":"category","embeddable":true,"href":"https:\/\/www.collectifpsychiatrie.fr\/index.php?rest_route=%2Fwp%2Fv2%2Fcategories&post=9297"},{"taxonomy":"post_tag","embeddable":true,"href":"https:\/\/www.collectifpsychiatrie.fr\/index.php?rest_route=%2Fwp%2Fv2%2Ftags&post=9297"}],"curies":[{"name":"wp","href":"https:\/\/api.w.org\/{rel}","templated":true}]}}