{"id":9384,"date":"2021-05-14T06:54:00","date_gmt":"2021-05-14T06:54:00","guid":{"rendered":"https:\/\/www.collectifpsychiatrie.fr\/?p=9384"},"modified":"2022-06-11T21:33:35","modified_gmt":"2022-06-11T21:33:35","slug":"les-mots-du-2-mai","status":"publish","type":"post","link":"https:\/\/www.collectifpsychiatrie.fr\/?p=9384","title":{"rendered":"LES MOTS  DU  2 MAI 21  !"},"content":{"rendered":"\n<p>RASSEMBLEMENT : Plus de 700 personnes de toute la France, \u00ab\u00a0in vivo\u00a0\u00bb et \u00ab\u00a0en visio\u00a0\u00bb, ont r\u00e9pondu \u00e0 l&rsquo;appel des 3 collectifs (Appel des appels, Collectif des 39, Printemps de la psychiatrie) pour participer &#8211; en tant que soignants, patients ou familles &#8211; \u00e0 l&rsquo;expression de premi\u00e8res r\u00e9actions, id\u00e9es et propositions d&rsquo;action face au d\u00e9fi lanc\u00e9 par les technocrates aux psychologues et aux soins psychiques des enfants par l&rsquo;Arr\u00eat\u00e9 de 10 mars 2021 et le projet de cr\u00e9ation de l&rsquo;Ordre des psychologues. Deux d\u00e9cisions ont \u00e9t\u00e9 prises: D\u00e9poser le recours contre cet arr\u00eat\u00e9 et organiser les Assises citoyennes du soin psychiques.<\/p>\n\n\n\n<div class=\"wp-block-file\"><a href=\"https:\/\/www.collectifpsychiatrie.fr\/wp-content\/uploads\/2021\/05\/Communique2mai21-2.pdf\" target=\"_blank\" rel=\"noreferrer noopener\">Communique2mai21-2<\/a><a href=\"https:\/\/www.collectifpsychiatrie.fr\/wp-content\/uploads\/2021\/05\/Communique2mai21-2.pdf\" class=\"wp-block-file__button\" download>T\u00e9l\u00e9charger<\/a><\/div>\n\n\n\n<p><em><strong>INTERVENTIONS<\/strong><\/em> (par ordre chronologique) :<\/p>\n\n\n\n<!--more-->\n\n\n\n<div class=\"wp-block-file\"><a href=\"https:\/\/www.collectifpsychiatrie.fr\/wp-content\/uploads\/2021\/05\/APPEL-DES-APPELS.pdf\" target=\"_blank\" rel=\"noreferrer noopener\">APPEL-DES-APPELS<\/a><a href=\"https:\/\/www.collectifpsychiatrie.fr\/wp-content\/uploads\/2021\/05\/APPEL-DES-APPELS.pdf\" class=\"wp-block-file__button\" download>T\u00e9l\u00e9charger<\/a><\/div>\n\n\n\n<div class=\"wp-block-file\"><a href=\"https:\/\/www.collectifpsychiatrie.fr\/wp-content\/uploads\/2021\/05\/PRINTEMPS-DE-LA-PSYCHIATRIE.pdf\" target=\"_blank\" rel=\"noreferrer noopener\">PRINTEMPS-DE-LA-PSYCHIATRIE<\/a><a href=\"https:\/\/www.collectifpsychiatrie.fr\/wp-content\/uploads\/2021\/05\/PRINTEMPS-DE-LA-PSYCHIATRIE.pdf\" class=\"wp-block-file__button\" download>T\u00e9l\u00e9charger<\/a><\/div>\n\n\n\n<div class=\"wp-block-file\"><a href=\"https:\/\/www.collectifpsychiatrie.fr\/wp-content\/uploads\/2021\/05\/COLLECTIF-DES-39.pdf\" target=\"_blank\" rel=\"noreferrer noopener\">COLLECTIF-DES-39<\/a><a href=\"https:\/\/www.collectifpsychiatrie.fr\/wp-content\/uploads\/2021\/05\/COLLECTIF-DES-39.pdf\" class=\"wp-block-file__button\" download>T\u00e9l\u00e9charger<\/a><\/div>\n\n\n\n<p><strong><em>Les mots des repr\u00e9sentants des psychologues<\/em><\/strong> :<\/p>\n\n\n\n<div class=\"wp-block-file\"><a href=\"https:\/\/www.collectifpsychiatrie.fr\/wp-content\/uploads\/2021\/05\/SNP.pdf\" target=\"_blank\" rel=\"noreferrer noopener\">SNP<\/a><a href=\"https:\/\/www.collectifpsychiatrie.fr\/wp-content\/uploads\/2021\/05\/SNP.pdf\" class=\"wp-block-file__button\" download>T\u00e9l\u00e9charger<\/a><\/div>\n\n\n\n<div class=\"wp-block-file\"><a href=\"https:\/\/www.collectifpsychiatrie.fr\/wp-content\/uploads\/2021\/05\/SIUEERPP.pdf\" target=\"_blank\" rel=\"noreferrer noopener\">SIUEERPP<\/a><a href=\"https:\/\/www.collectifpsychiatrie.fr\/wp-content\/uploads\/2021\/05\/SIUEERPP.pdf\" class=\"wp-block-file__button\" download>T\u00e9l\u00e9charger<\/a><\/div>\n\n\n\n<div class=\"wp-block-file\"><a href=\"https:\/\/www.collectifpsychiatrie.fr\/wp-content\/uploads\/2021\/05\/FFPP.pdf\" target=\"_blank\" rel=\"noreferrer noopener\">FFPP<\/a><a href=\"https:\/\/www.collectifpsychiatrie.fr\/wp-content\/uploads\/2021\/05\/FFPP.pdf\" class=\"wp-block-file__button\" download>T\u00e9l\u00e9charger<\/a><\/div>\n\n\n\n<p><strong><em>Les mots des collectifs des psychologues<\/em><\/strong> :<\/p>\n\n\n\n<div class=\"wp-block-file\"><a href=\"https:\/\/www.collectifpsychiatrie.fr\/wp-content\/uploads\/2021\/05\/InterCollegePsy-PACA.pdf\" target=\"_blank\" rel=\"noreferrer noopener\">InterCollegePsy-PACA<\/a><a href=\"https:\/\/www.collectifpsychiatrie.fr\/wp-content\/uploads\/2021\/05\/InterCollegePsy-PACA.pdf\" class=\"wp-block-file__button\" download>T\u00e9l\u00e9charger<\/a><\/div>\n\n\n\n<div class=\"wp-block-file\"><a href=\"https:\/\/www.collectifpsychiatrie.fr\/wp-content\/uploads\/2021\/05\/Collectif-Grand-Est.pdf\" target=\"_blank\" rel=\"noreferrer noopener\">Collectif-Grand-Est<\/a><a href=\"https:\/\/www.collectifpsychiatrie.fr\/wp-content\/uploads\/2021\/05\/Collectif-Grand-Est.pdf\" class=\"wp-block-file__button\" download>T\u00e9l\u00e9charger<\/a><\/div>\n\n\n\n<p><strong><em>Les mots des repr\u00e9sentants des patients et des familles<\/em><\/strong> :<\/p>\n\n\n\n<div class=\"wp-block-file\"><a href=\"https:\/\/www.collectifpsychiatrie.fr\/wp-content\/uploads\/2021\/05\/RAAHP-MaO-Battut.pdf\">RAAHP-MaO-Battut<\/a><a href=\"https:\/\/www.collectifpsychiatrie.fr\/wp-content\/uploads\/2021\/05\/RAAHP-MaO-Battut.pdf\" class=\"wp-block-file__button\" download>T\u00e9l\u00e9charger<\/a><\/div>\n\n\n\n<div class=\"wp-block-file\"><a href=\"https:\/\/www.collectifpsychiatrie.fr\/wp-content\/uploads\/2021\/05\/FIL-CONDUCTEUR-PSY.pdf\" target=\"_blank\" rel=\"noreferrer noopener\">FIL-CONDUCTEUR-PSY<\/a><a href=\"https:\/\/www.collectifpsychiatrie.fr\/wp-content\/uploads\/2021\/05\/FIL-CONDUCTEUR-PSY.pdf\" class=\"wp-block-file__button\" download>T\u00e9l\u00e9charger<\/a><\/div>\n\n\n\n<p><strong><em>Les mots des professionnels des soins psychiques<\/em><\/strong> :<\/p>\n\n\n\n<div class=\"wp-block-file\"><a href=\"https:\/\/www.collectifpsychiatrie.fr\/wp-content\/uploads\/2021\/05\/API-pedopsychiatrie.pdf\" target=\"_blank\" rel=\"noreferrer noopener\">API-pedopsychiatrie<\/a><a href=\"https:\/\/www.collectifpsychiatrie.fr\/wp-content\/uploads\/2021\/05\/API-pedopsychiatrie.pdf\" class=\"wp-block-file__button\" download>T\u00e9l\u00e9charger<\/a><\/div>\n\n\n\n<div class=\"wp-block-file\"><a href=\"https:\/\/www.collectifpsychiatrie.fr\/wp-content\/uploads\/2021\/05\/FedeNationale-des-CMPP.pdf\">FedeNationale-des-CMPP<\/a><a href=\"https:\/\/www.collectifpsychiatrie.fr\/wp-content\/uploads\/2021\/05\/FedeNationale-des-CMPP.pdf\" class=\"wp-block-file__button\" download>T\u00e9l\u00e9charger<\/a><\/div>\n\n\n\n<div class=\"wp-block-file\"><a href=\"https:\/\/www.collectifpsychiatrie.fr\/wp-content\/uploads\/2021\/05\/Stop-DSM.pdf\" target=\"_blank\" rel=\"noreferrer noopener\">Stop-DSM<\/a><a href=\"https:\/\/www.collectifpsychiatrie.fr\/wp-content\/uploads\/2021\/05\/Stop-DSM.pdf\" class=\"wp-block-file__button\" download>T\u00e9l\u00e9charger<\/a><\/div>\n\n\n\n<div class=\"wp-block-file\"><a href=\"https:\/\/www.collectifpsychiatrie.fr\/wp-content\/uploads\/2021\/05\/CEMEA.pdf\" target=\"_blank\" rel=\"noreferrer noopener\">CEMEA<\/a><a href=\"https:\/\/www.collectifpsychiatrie.fr\/wp-content\/uploads\/2021\/05\/CEMEA.pdf\" class=\"wp-block-file__button\" download>T\u00e9l\u00e9charger<\/a><\/div>\n\n\n\n<p><strong><em>Les mots des personnalit\u00e9s<\/em><\/strong> :<\/p>\n\n\n\n<div class=\"wp-block-file\"><a href=\"https:\/\/www.collectifpsychiatrie.fr\/wp-content\/uploads\/2021\/05\/PIERRE-DELION.pdf\" target=\"_blank\" rel=\"noreferrer noopener\">PIERRE-DELION<\/a><a href=\"https:\/\/www.collectifpsychiatrie.fr\/wp-content\/uploads\/2021\/05\/PIERRE-DELION.pdf\" class=\"wp-block-file__button\" download>T\u00e9l\u00e9charger<\/a><\/div>\n","protected":false},"excerpt":{"rendered":"<p>RASSEMBLEMENT : Plus de 700 personnes de toute la France, \u00ab\u00a0in vivo\u00a0\u00bb et \u00ab\u00a0en visio\u00a0\u00bb, ont r\u00e9pondu \u00e0 l&rsquo;appel des 3 collectifs (Appel des appels, Collectif des 39, Printemps de la psychiatrie) pour participer &#8211; en tant que soignants, patients ou familles &#8211; \u00e0 l&rsquo;expression de premi\u00e8res r\u00e9actions, id\u00e9es et propositions d&rsquo;action face au d\u00e9fi &hellip; <a href=\"https:\/\/www.collectifpsychiatrie.fr\/?p=9384\" class=\"more-link\">Continuer la lecture de <span class=\"screen-reader-text\">LES MOTS  DU  2 MAI 21  !<\/span>  <span class=\"meta-nav\">&rarr;<\/span><\/a><\/p>\n","protected":false},"author":8,"featured_media":9372,"comment_status":"closed","ping_status":"open","sticky":false,"template":"","format":"standard","meta":{"footnotes":""},"categories":[372,22,24,6,7,394,367,25,392,17],"tags":[393],"class_list":["post-9384","post","type-post","status-publish","format-standard","has-post-thumbnail","hentry","category-articles-39","category-articles-et-communiques-de-presse","category-entre-professionnels","category-evenements","category-expressions","category-humapsy","category-le-fil-conducteur","category-meetings","category-printemps-de-la-psychiatrie","category-usagers-familles-dusagers-et-associations","tag-mobilisation"],"_links":{"self":[{"href":"https:\/\/www.collectifpsychiatrie.fr\/index.php?rest_route=\/wp\/v2\/posts\/9384","targetHints":{"allow":["GET"]}}],"collection":[{"href":"https:\/\/www.collectifpsychiatrie.fr\/index.php?rest_route=\/wp\/v2\/posts"}],"about":[{"href":"https:\/\/www.collectifpsychiatrie.fr\/index.php?rest_route=\/wp\/v2\/types\/post"}],"author":[{"embeddable":true,"href":"https:\/\/www.collectifpsychiatrie.fr\/index.php?rest_route=\/wp\/v2\/users\/8"}],"replies":[{"embeddable":true,"href":"https:\/\/www.collectifpsychiatrie.fr\/index.php?rest_route=%2Fwp%2Fv2%2Fcomments&post=9384"}],"version-history":[{"count":29,"href":"https:\/\/www.collectifpsychiatrie.fr\/index.php?rest_route=\/wp\/v2\/posts\/9384\/revisions"}],"predecessor-version":[{"id":9998,"href":"https:\/\/www.collectifpsychiatrie.fr\/index.php?rest_route=\/wp\/v2\/posts\/9384\/revisions\/9998"}],"wp:featuredmedia":[{"embeddable":true,"href":"https:\/\/www.collectifpsychiatrie.fr\/index.php?rest_route=\/wp\/v2\/media\/9372"}],"wp:attachment":[{"href":"https:\/\/www.collectifpsychiatrie.fr\/index.php?rest_route=%2Fwp%2Fv2%2Fmedia&parent=9384"}],"wp:term":[{"taxonomy":"category","embeddable":true,"href":"https:\/\/www.collectifpsychiatrie.fr\/index.php?rest_route=%2Fwp%2Fv2%2Fcategories&post=9384"},{"taxonomy":"post_tag","embeddable":true,"href":"https:\/\/www.collectifpsychiatrie.fr\/index.php?rest_route=%2Fwp%2Fv2%2Ftags&post=9384"}],"curies":[{"name":"wp","href":"https:\/\/api.w.org\/{rel}","templated":true}]}}