{"id":9409,"date":"2021-05-30T12:08:00","date_gmt":"2021-05-30T12:08:00","guid":{"rendered":"https:\/\/www.collectifpsychiatrie.fr\/?p=9409"},"modified":"2021-08-15T19:05:01","modified_gmt":"2021-08-15T19:05:01","slug":"psychologues-10-juin-21","status":"publish","type":"post","link":"https:\/\/www.collectifpsychiatrie.fr\/?p=9409","title":{"rendered":"PSYCHOLOGUES &#8211; 10 juin 21"},"content":{"rendered":"\n<div class=\"wp-block-file\"><a href=\"https:\/\/www.collectifpsychiatrie.fr\/wp-content\/uploads\/2021\/05\/AppelMobilisation10juin21.pdf\" target=\"_blank\" rel=\"noreferrer noopener\">AppelMobilisation10juin21<\/a><a href=\"https:\/\/www.collectifpsychiatrie.fr\/wp-content\/uploads\/2021\/05\/AppelMobilisation10juin21.pdf\" class=\"wp-block-file__button\" download>T\u00e9l\u00e9charger<\/a><\/div>\n\n\n\n<p>Face \u00e0 la s\u00e9rie de&nbsp;mesures&nbsp;visant cette profession &#8211; pourtant sur-sollicit\u00e9e, en particulier&nbsp;depuis la crise sanitaire &#8211; t\u00e9moignant toujours et encore :<br \/>&#8211; D\u2019une volont\u00e9 de soumettre la pratique des psychologues \u00e0 l\u2019ordonnance m\u00e9dicale.<\/p>\n\n\n\n<!--more-->\n\n\n\n<p>&#8211; D\u2019une rel\u00e9gation du secteur public vers le priv\u00e9 comme en t\u00e9moigne le \u00ab\u00a0forfait psy\u00a0\u00bb de 10 s\u00e9ances rembours\u00e9s pour palier aux fermetures des structures de soins. Quand le personnel r\u00e9clame le recrutement de psychologues et de soignants face \u00e0 l&rsquo;augmentation des demandes&nbsp;des prises charges institutionnelles.<\/p>\n\n\n\n<p>&#8211; D\u2019une ing\u00e9rence criante des politiques et des administrations&nbsp;dans la pratiques des psychologues visant \u00e0 contraindre leur autonomie pourtant inscrite dans leur statut&nbsp;professionnel&nbsp;actuel et leur code de d\u00e9ontologie.<\/p>\n\n\n\n<p>Le Collectif des 39 se joint \u00e0 l\u2019Appel \u00e0 la Mobilisation des Psychologues le 10 juin prochain, \u00e0 13h30 \u00e0 Paris devant le Minist\u00e8re de la sant\u00e9 en province devant les Pr\u00e9fectures ou les ARS selon l\u2019organisation locale propos\u00e9e.<\/p>\n","protected":false},"excerpt":{"rendered":"<p>Face \u00e0 la s\u00e9rie de&nbsp;mesures&nbsp;visant cette profession &#8211; pourtant sur-sollicit\u00e9e, en particulier&nbsp;depuis la crise sanitaire &#8211; t\u00e9moignant toujours et encore :&#8211; D\u2019une volont\u00e9 de soumettre la pratique des psychologues \u00e0 l\u2019ordonnance m\u00e9dicale.<\/p>\n","protected":false},"author":8,"featured_media":0,"comment_status":"closed","ping_status":"open","sticky":false,"template":"","format":"standard","meta":{"footnotes":""},"categories":[2,6],"tags":[393],"class_list":["post-9409","post","type-post","status-publish","format-standard","hentry","category-agenda","category-evenements","tag-mobilisation"],"_links":{"self":[{"href":"https:\/\/www.collectifpsychiatrie.fr\/index.php?rest_route=\/wp\/v2\/posts\/9409","targetHints":{"allow":["GET"]}}],"collection":[{"href":"https:\/\/www.collectifpsychiatrie.fr\/index.php?rest_route=\/wp\/v2\/posts"}],"about":[{"href":"https:\/\/www.collectifpsychiatrie.fr\/index.php?rest_route=\/wp\/v2\/types\/post"}],"author":[{"embeddable":true,"href":"https:\/\/www.collectifpsychiatrie.fr\/index.php?rest_route=\/wp\/v2\/users\/8"}],"replies":[{"embeddable":true,"href":"https:\/\/www.collectifpsychiatrie.fr\/index.php?rest_route=%2Fwp%2Fv2%2Fcomments&post=9409"}],"version-history":[{"count":5,"href":"https:\/\/www.collectifpsychiatrie.fr\/index.php?rest_route=\/wp\/v2\/posts\/9409\/revisions"}],"predecessor-version":[{"id":9542,"href":"https:\/\/www.collectifpsychiatrie.fr\/index.php?rest_route=\/wp\/v2\/posts\/9409\/revisions\/9542"}],"wp:attachment":[{"href":"https:\/\/www.collectifpsychiatrie.fr\/index.php?rest_route=%2Fwp%2Fv2%2Fmedia&parent=9409"}],"wp:term":[{"taxonomy":"category","embeddable":true,"href":"https:\/\/www.collectifpsychiatrie.fr\/index.php?rest_route=%2Fwp%2Fv2%2Fcategories&post=9409"},{"taxonomy":"post_tag","embeddable":true,"href":"https:\/\/www.collectifpsychiatrie.fr\/index.php?rest_route=%2Fwp%2Fv2%2Ftags&post=9409"}],"curies":[{"name":"wp","href":"https:\/\/api.w.org\/{rel}","templated":true}]}}