{"id":9608,"date":"2021-08-15T18:44:08","date_gmt":"2021-08-15T18:44:08","guid":{"rendered":"https:\/\/www.collectifpsychiatrie.fr\/?p=9608"},"modified":"2023-04-16T13:28:57","modified_gmt":"2023-04-16T13:28:57","slug":"cafe-debat-la-borde-15-aout","status":"publish","type":"post","link":"https:\/\/www.collectifpsychiatrie.fr\/?p=9608","title":{"rendered":"Caf\u00e9-d\u00e9bat &#8211; La Borde"},"content":{"rendered":"\n<!--more-->\n\n\n\n<p>Organis\u00e9 et anim\u00e9 par le Collectif des 39 \u00e0 l&rsquo;occasion de la journ\u00e9e traditionnelle d&rsquo;accueil des proches et de spectacle th\u00e9\u00e2tral des patients et moniteurs de La Borde .<\/p>\n","protected":false},"excerpt":{"rendered":"","protected":false},"author":8,"featured_media":9609,"comment_status":"closed","ping_status":"open","sticky":false,"template":"","format":"standard","meta":{"footnotes":""},"categories":[401,6,14],"tags":[80,254],"class_list":["post-9608","post","type-post","status-publish","format-standard","has-post-thumbnail","hentry","category-evenement","category-evenements","category-rencontres","tag-collectif-des-39","tag-partage"],"_links":{"self":[{"href":"https:\/\/www.collectifpsychiatrie.fr\/index.php?rest_route=\/wp\/v2\/posts\/9608","targetHints":{"allow":["GET"]}}],"collection":[{"href":"https:\/\/www.collectifpsychiatrie.fr\/index.php?rest_route=\/wp\/v2\/posts"}],"about":[{"href":"https:\/\/www.collectifpsychiatrie.fr\/index.php?rest_route=\/wp\/v2\/types\/post"}],"author":[{"embeddable":true,"href":"https:\/\/www.collectifpsychiatrie.fr\/index.php?rest_route=\/wp\/v2\/users\/8"}],"replies":[{"embeddable":true,"href":"https:\/\/www.collectifpsychiatrie.fr\/index.php?rest_route=%2Fwp%2Fv2%2Fcomments&post=9608"}],"version-history":[{"count":6,"href":"https:\/\/www.collectifpsychiatrie.fr\/index.php?rest_route=\/wp\/v2\/posts\/9608\/revisions"}],"predecessor-version":[{"id":9657,"href":"https:\/\/www.collectifpsychiatrie.fr\/index.php?rest_route=\/wp\/v2\/posts\/9608\/revisions\/9657"}],"wp:featuredmedia":[{"embeddable":true,"href":"https:\/\/www.collectifpsychiatrie.fr\/index.php?rest_route=\/wp\/v2\/media\/9609"}],"wp:attachment":[{"href":"https:\/\/www.collectifpsychiatrie.fr\/index.php?rest_route=%2Fwp%2Fv2%2Fmedia&parent=9608"}],"wp:term":[{"taxonomy":"category","embeddable":true,"href":"https:\/\/www.collectifpsychiatrie.fr\/index.php?rest_route=%2Fwp%2Fv2%2Fcategories&post=9608"},{"taxonomy":"post_tag","embeddable":true,"href":"https:\/\/www.collectifpsychiatrie.fr\/index.php?rest_route=%2Fwp%2Fv2%2Ftags&post=9608"}],"curies":[{"name":"wp","href":"https:\/\/api.w.org\/{rel}","templated":true}]}}