{"id":9677,"date":"2021-09-26T08:09:32","date_gmt":"2021-09-26T08:09:32","guid":{"rendered":"https:\/\/www.collectifpsychiatrie.fr\/?p=9677"},"modified":"2023-03-17T21:10:06","modified_gmt":"2023-03-17T21:10:06","slug":"requete-en-annulation-de-larrete-du-10-3-21","status":"publish","type":"post","link":"https:\/\/www.collectifpsychiatrie.fr\/?p=9677","title":{"rendered":"Requ\u00eate en annulation de l&rsquo;arr\u00eat\u00e9 du 10\/3\/21"},"content":{"rendered":"\n<p>La requ\u00eate des 3 collectifs (Appel des appels, Collectif des 39, Printemps de la psychiatrie) aupr\u00e8s des juges du Conseil d&rsquo;Etat a pour but l\u2019annulation de l\u2019arr\u00eat\u00e9 du 10 mars 2021&nbsp;sur la&nbsp;pratique des psychologues aupr\u00e8s des plateformes diagnostiques.<\/p>\n\n\n\n<!--more-->\n\n\n\n<p>D\u00e9but septembre notre avocat a d\u00e9pos\u00e9 m\u00e9moire d\u00e9finitif au nom des repr\u00e9sentants des 3 collectifs :<\/p>\n\n\n\n<div class=\"wp-block-file\"><a href=\"https:\/\/www.collectifpsychiatrie.fr\/wp-content\/uploads\/2021\/09\/Memoire-complementaire.pdf\">Memoire-complementaire<\/a><a href=\"https:\/\/www.collectifpsychiatrie.fr\/wp-content\/uploads\/2021\/09\/Memoire-complementaire.pdf\" class=\"wp-block-file__button\" download>T\u00e9l\u00e9charger<\/a><\/div>\n\n\n\n<p>Suite \u00e0 la r\u00e9ponse du Minist\u00e8re nos avons d\u00e9pos\u00e9, mi-mars 22, un M\u00e9moire en r\u00e9plique : <\/p>\n\n\n\n<div class=\"wp-block-file\"><a href=\"https:\/\/www.collectifpsychiatrie.fr\/wp-content\/uploads\/2022\/03\/Memoire-en-replique.pdf\">Memoire-en-replique<\/a><a href=\"https:\/\/www.collectifpsychiatrie.fr\/wp-content\/uploads\/2022\/03\/Memoire-en-replique.pdf\" class=\"wp-block-file__button\" download>T\u00e9l\u00e9charger<\/a><\/div>\n\n\n\n<p>Selon la d\u00e9cision du Conseil d&rsquo;Etat de fin mars 22 les d\u00e9marches juridiques suppl\u00e9mentaires seront entreprises par nos collectifs si n\u00e9cessaire.&nbsp;<a href=\"https:\/\/www.helloasso.com\/associations\/quelle-hospitalite-pour-la-folie\/collectes\/collecte-suite-au-rassemblement-des-praticiens-du-soin-psychique-du-2-mai-2021\" target=\"_blank\" rel=\"noreferrer noopener\">La collecte de Helloasso<\/a>&nbsp;nous aidera \u00e0 les financer.<\/p>\n\n\n\n<p>Merci \u00e0 tous ceux qui ont apport\u00e9 le soutien financier \u00e0 la riposte juridique des 3 collectifs d\u00e9cid\u00e9e lors du Rassemblement des praticiens du soin psychique le 2 mai dernier \u00e0 l\u2019AERI-Montreuil.<\/p>\n\n\n\n<p>Delphine Glachant &#8211;&nbsp;<a class=\"\" href=\"https:\/\/printempsdelapsychiatrie.org\/\">Printemps de la psychiatrie<\/a>, Fabrice Leroy &#8211;&nbsp;<a class=\"\" href=\"http:\/\/www.appeldesappels.org\/\">Appel des appels<\/a>, Martin Pavelka &#8211;&nbsp;<a class=\"\" href=\"https:\/\/www.collectifpsychiatrie.fr\/\">Collectif des 39<\/a><\/p>\n","protected":false},"excerpt":{"rendered":"<p>La requ\u00eate des 3 collectifs (Appel des appels, Collectif des 39, Printemps de la psychiatrie) aupr\u00e8s des juges du Conseil d&rsquo;Etat a pour but l\u2019annulation de l\u2019arr\u00eat\u00e9 du 10 mars 2021&nbsp;sur la&nbsp;pratique des psychologues aupr\u00e8s des plateformes diagnostiques.<\/p>\n","protected":false},"author":8,"featured_media":0,"comment_status":"closed","ping_status":"open","sticky":false,"template":"","format":"standard","meta":{"footnotes":""},"categories":[9],"tags":[408,80,391],"class_list":["post-9677","post","type-post","status-publish","format-standard","hentry","category-lois","tag-appel-des-appels","tag-collectif-des-39","tag-printemps-de-la-psychiatrie"],"_links":{"self":[{"href":"https:\/\/www.collectifpsychiatrie.fr\/index.php?rest_route=\/wp\/v2\/posts\/9677","targetHints":{"allow":["GET"]}}],"collection":[{"href":"https:\/\/www.collectifpsychiatrie.fr\/index.php?rest_route=\/wp\/v2\/posts"}],"about":[{"href":"https:\/\/www.collectifpsychiatrie.fr\/index.php?rest_route=\/wp\/v2\/types\/post"}],"author":[{"embeddable":true,"href":"https:\/\/www.collectifpsychiatrie.fr\/index.php?rest_route=\/wp\/v2\/users\/8"}],"replies":[{"embeddable":true,"href":"https:\/\/www.collectifpsychiatrie.fr\/index.php?rest_route=%2Fwp%2Fv2%2Fcomments&post=9677"}],"version-history":[{"count":4,"href":"https:\/\/www.collectifpsychiatrie.fr\/index.php?rest_route=\/wp\/v2\/posts\/9677\/revisions"}],"predecessor-version":[{"id":10114,"href":"https:\/\/www.collectifpsychiatrie.fr\/index.php?rest_route=\/wp\/v2\/posts\/9677\/revisions\/10114"}],"wp:attachment":[{"href":"https:\/\/www.collectifpsychiatrie.fr\/index.php?rest_route=%2Fwp%2Fv2%2Fmedia&parent=9677"}],"wp:term":[{"taxonomy":"category","embeddable":true,"href":"https:\/\/www.collectifpsychiatrie.fr\/index.php?rest_route=%2Fwp%2Fv2%2Fcategories&post=9677"},{"taxonomy":"post_tag","embeddable":true,"href":"https:\/\/www.collectifpsychiatrie.fr\/index.php?rest_route=%2Fwp%2Fv2%2Ftags&post=9677"}],"curies":[{"name":"wp","href":"https:\/\/api.w.org\/{rel}","templated":true}]}}