{"id":9739,"date":"2022-03-12T17:25:00","date_gmt":"2022-03-12T17:25:00","guid":{"rendered":"https:\/\/www.collectifpsychiatrie.fr\/?p=9739"},"modified":"2024-12-21T15:38:49","modified_gmt":"2024-12-21T15:38:49","slug":"assises-citoyennes-du-soin-psychique","status":"publish","type":"post","link":"https:\/\/www.collectifpsychiatrie.fr\/?p=9739","title":{"rendered":"ASSISES CITOYENNES DU SOIN PSYCHIQUE &#8211; 11-12\/3\/2022"},"content":{"rendered":"\n<div class=\"wp-block-file\"><a href=\"https:\/\/www.collectifpsychiatrie.fr\/wp-content\/uploads\/2022\/03\/J-ASSISES-CITOYENNES-DU-SOIN-PSYCHIQUE-2022.pdf\" target=\"_blank\" rel=\"noreferrer noopener\">ARGUMENT &amp; PROGRAMME<\/a><a href=\"https:\/\/www.collectifpsychiatrie.fr\/wp-content\/uploads\/2022\/03\/J-ASSISES-CITOYENNES-DU-SOIN-PSYCHIQUE-2022.pdf\" class=\"wp-block-file__button\" download>T\u00e9l\u00e9charger<\/a><\/div>\n\n\n\n<figure class=\"wp-block-gallery columns-3 is-cropped wp-block-gallery-1 is-layout-flex wp-block-gallery-is-layout-flex\"><ul class=\"blocks-gallery-grid\"><li class=\"blocks-gallery-item\"><figure><a href=\"https:\/\/www.collectifpsychiatrie.fr\/wp-content\/uploads\/2022\/04\/Assises2022-01.jpeg\"><img loading=\"lazy\" decoding=\"async\" width=\"1024\" height=\"576\" src=\"https:\/\/www.collectifpsychiatrie.fr\/wp-content\/uploads\/2022\/04\/Assises2022-01-1024x576.jpeg\" alt=\"\" data-id=\"9965\" data-full-url=\"https:\/\/www.collectifpsychiatrie.fr\/wp-content\/uploads\/2022\/04\/Assises2022-01.jpeg\" data-link=\"https:\/\/www.collectifpsychiatrie.fr\/?attachment_id=9965\" class=\"wp-image-9965\" srcset=\"https:\/\/www.collectifpsychiatrie.fr\/wp-content\/uploads\/2022\/04\/Assises2022-01-1024x576.jpeg 1024w, https:\/\/www.collectifpsychiatrie.fr\/wp-content\/uploads\/2022\/04\/Assises2022-01-300x169.jpeg 300w, https:\/\/www.collectifpsychiatrie.fr\/wp-content\/uploads\/2022\/04\/Assises2022-01-768x432.jpeg 768w, https:\/\/www.collectifpsychiatrie.fr\/wp-content\/uploads\/2022\/04\/Assises2022-01-1536x864.jpeg 1536w, https:\/\/www.collectifpsychiatrie.fr\/wp-content\/uploads\/2022\/04\/Assises2022-01.jpeg 1920w\" sizes=\"auto, (max-width: 1024px) 100vw, 1024px\" \/><\/a><\/figure><\/li><li class=\"blocks-gallery-item\"><figure><a href=\"https:\/\/www.collectifpsychiatrie.fr\/wp-content\/uploads\/2022\/04\/Assises2022-02.jpeg\"><img loading=\"lazy\" decoding=\"async\" width=\"1024\" height=\"704\" src=\"https:\/\/www.collectifpsychiatrie.fr\/wp-content\/uploads\/2022\/04\/Assises2022-02-1024x704.jpeg\" alt=\"\" data-id=\"9966\" data-full-url=\"https:\/\/www.collectifpsychiatrie.fr\/wp-content\/uploads\/2022\/04\/Assises2022-02.jpeg\" data-link=\"https:\/\/www.collectifpsychiatrie.fr\/?attachment_id=9966\" class=\"wp-image-9966\" srcset=\"https:\/\/www.collectifpsychiatrie.fr\/wp-content\/uploads\/2022\/04\/Assises2022-02-1024x704.jpeg 1024w, https:\/\/www.collectifpsychiatrie.fr\/wp-content\/uploads\/2022\/04\/Assises2022-02-300x206.jpeg 300w, https:\/\/www.collectifpsychiatrie.fr\/wp-content\/uploads\/2022\/04\/Assises2022-02-768x528.jpeg 768w, https:\/\/www.collectifpsychiatrie.fr\/wp-content\/uploads\/2022\/04\/Assises2022-02.jpeg 1059w\" sizes=\"auto, (max-width: 1024px) 100vw, 1024px\" \/><\/a><\/figure><\/li><li class=\"blocks-gallery-item\"><figure><a href=\"https:\/\/www.collectifpsychiatrie.fr\/wp-content\/uploads\/2022\/04\/Assises2022-03.jpeg\"><img loading=\"lazy\" decoding=\"async\" width=\"1024\" height=\"652\" src=\"https:\/\/www.collectifpsychiatrie.fr\/wp-content\/uploads\/2022\/04\/Assises2022-03-1024x652.jpeg\" alt=\"\" data-id=\"9967\" data-full-url=\"https:\/\/www.collectifpsychiatrie.fr\/wp-content\/uploads\/2022\/04\/Assises2022-03.jpeg\" data-link=\"https:\/\/www.collectifpsychiatrie.fr\/?attachment_id=9967\" class=\"wp-image-9967\" srcset=\"https:\/\/www.collectifpsychiatrie.fr\/wp-content\/uploads\/2022\/04\/Assises2022-03-1024x652.jpeg 1024w, https:\/\/www.collectifpsychiatrie.fr\/wp-content\/uploads\/2022\/04\/Assises2022-03-300x191.jpeg 300w, https:\/\/www.collectifpsychiatrie.fr\/wp-content\/uploads\/2022\/04\/Assises2022-03-768x489.jpeg 768w, https:\/\/www.collectifpsychiatrie.fr\/wp-content\/uploads\/2022\/04\/Assises2022-03.jpeg 1075w\" sizes=\"auto, (max-width: 1024px) 100vw, 1024px\" \/><\/a><\/figure><\/li><li class=\"blocks-gallery-item\"><figure><a href=\"https:\/\/www.collectifpsychiatrie.fr\/wp-content\/uploads\/2022\/04\/Assises2022-04.jpeg\"><img loading=\"lazy\" decoding=\"async\" width=\"1024\" height=\"576\" src=\"https:\/\/www.collectifpsychiatrie.fr\/wp-content\/uploads\/2022\/04\/Assises2022-04-1024x576.jpeg\" alt=\"\" data-id=\"9968\" data-full-url=\"https:\/\/www.collectifpsychiatrie.fr\/wp-content\/uploads\/2022\/04\/Assises2022-04.jpeg\" data-link=\"https:\/\/www.collectifpsychiatrie.fr\/?attachment_id=9968\" class=\"wp-image-9968\" srcset=\"https:\/\/www.collectifpsychiatrie.fr\/wp-content\/uploads\/2022\/04\/Assises2022-04-1024x576.jpeg 1024w, https:\/\/www.collectifpsychiatrie.fr\/wp-content\/uploads\/2022\/04\/Assises2022-04-300x169.jpeg 300w, https:\/\/www.collectifpsychiatrie.fr\/wp-content\/uploads\/2022\/04\/Assises2022-04-768x432.jpeg 768w, https:\/\/www.collectifpsychiatrie.fr\/wp-content\/uploads\/2022\/04\/Assises2022-04-1536x864.jpeg 1536w, https:\/\/www.collectifpsychiatrie.fr\/wp-content\/uploads\/2022\/04\/Assises2022-04.jpeg 1920w\" sizes=\"auto, (max-width: 1024px) 100vw, 1024px\" \/><\/a><\/figure><\/li><li class=\"blocks-gallery-item\"><figure><a href=\"https:\/\/www.collectifpsychiatrie.fr\/wp-content\/uploads\/2022\/04\/Assises2022-05.jpeg\"><img loading=\"lazy\" decoding=\"async\" width=\"1024\" height=\"664\" src=\"https:\/\/www.collectifpsychiatrie.fr\/wp-content\/uploads\/2022\/04\/Assises2022-05-1024x664.jpeg\" alt=\"\" data-id=\"9969\" data-full-url=\"https:\/\/www.collectifpsychiatrie.fr\/wp-content\/uploads\/2022\/04\/Assises2022-05.jpeg\" data-link=\"https:\/\/www.collectifpsychiatrie.fr\/?attachment_id=9969\" class=\"wp-image-9969\" srcset=\"https:\/\/www.collectifpsychiatrie.fr\/wp-content\/uploads\/2022\/04\/Assises2022-05-1024x664.jpeg 1024w, https:\/\/www.collectifpsychiatrie.fr\/wp-content\/uploads\/2022\/04\/Assises2022-05-300x194.jpeg 300w, https:\/\/www.collectifpsychiatrie.fr\/wp-content\/uploads\/2022\/04\/Assises2022-05-768x498.jpeg 768w, https:\/\/www.collectifpsychiatrie.fr\/wp-content\/uploads\/2022\/04\/Assises2022-05.jpeg 1080w\" sizes=\"auto, (max-width: 1024px) 100vw, 1024px\" \/><\/a><\/figure><\/li><li class=\"blocks-gallery-item\"><figure><a href=\"https:\/\/www.collectifpsychiatrie.fr\/wp-content\/uploads\/2022\/04\/Assises2022-06.jpeg\"><img loading=\"lazy\" decoding=\"async\" width=\"1024\" height=\"700\" src=\"https:\/\/www.collectifpsychiatrie.fr\/wp-content\/uploads\/2022\/04\/Assises2022-06-1024x700.jpeg\" alt=\"\" data-id=\"9970\" data-full-url=\"https:\/\/www.collectifpsychiatrie.fr\/wp-content\/uploads\/2022\/04\/Assises2022-06.jpeg\" data-link=\"https:\/\/www.collectifpsychiatrie.fr\/?attachment_id=9970\" class=\"wp-image-9970\" srcset=\"https:\/\/www.collectifpsychiatrie.fr\/wp-content\/uploads\/2022\/04\/Assises2022-06-1024x700.jpeg 1024w, https:\/\/www.collectifpsychiatrie.fr\/wp-content\/uploads\/2022\/04\/Assises2022-06-300x205.jpeg 300w, https:\/\/www.collectifpsychiatrie.fr\/wp-content\/uploads\/2022\/04\/Assises2022-06-768x525.jpeg 768w, https:\/\/www.collectifpsychiatrie.fr\/wp-content\/uploads\/2022\/04\/Assises2022-06.jpeg 1077w\" sizes=\"auto, (max-width: 1024px) 100vw, 1024px\" \/><\/a><\/figure><\/li><li class=\"blocks-gallery-item\"><figure><a href=\"https:\/\/www.collectifpsychiatrie.fr\/wp-content\/uploads\/2022\/04\/Assises2022-07.jpeg\"><img loading=\"lazy\" decoding=\"async\" width=\"1024\" height=\"694\" src=\"https:\/\/www.collectifpsychiatrie.fr\/wp-content\/uploads\/2022\/04\/Assises2022-07-1024x694.jpeg\" alt=\"\" data-id=\"9971\" data-full-url=\"https:\/\/www.collectifpsychiatrie.fr\/wp-content\/uploads\/2022\/04\/Assises2022-07.jpeg\" data-link=\"https:\/\/www.collectifpsychiatrie.fr\/?attachment_id=9971\" class=\"wp-image-9971\" srcset=\"https:\/\/www.collectifpsychiatrie.fr\/wp-content\/uploads\/2022\/04\/Assises2022-07-1024x694.jpeg 1024w, https:\/\/www.collectifpsychiatrie.fr\/wp-content\/uploads\/2022\/04\/Assises2022-07-300x203.jpeg 300w, https:\/\/www.collectifpsychiatrie.fr\/wp-content\/uploads\/2022\/04\/Assises2022-07-768x520.jpeg 768w, https:\/\/www.collectifpsychiatrie.fr\/wp-content\/uploads\/2022\/04\/Assises2022-07.jpeg 1036w\" sizes=\"auto, (max-width: 1024px) 100vw, 1024px\" \/><\/a><\/figure><\/li><li class=\"blocks-gallery-item\"><figure><a href=\"https:\/\/www.collectifpsychiatrie.fr\/wp-content\/uploads\/2022\/04\/Assises2022-08.jpeg\"><img loading=\"lazy\" decoding=\"async\" width=\"1024\" height=\"721\" src=\"https:\/\/www.collectifpsychiatrie.fr\/wp-content\/uploads\/2022\/04\/Assises2022-08-1024x721.jpeg\" alt=\"\" data-id=\"9972\" data-full-url=\"https:\/\/www.collectifpsychiatrie.fr\/wp-content\/uploads\/2022\/04\/Assises2022-08.jpeg\" data-link=\"https:\/\/www.collectifpsychiatrie.fr\/?attachment_id=9972\" class=\"wp-image-9972\" srcset=\"https:\/\/www.collectifpsychiatrie.fr\/wp-content\/uploads\/2022\/04\/Assises2022-08-1024x721.jpeg 1024w, https:\/\/www.collectifpsychiatrie.fr\/wp-content\/uploads\/2022\/04\/Assises2022-08-300x211.jpeg 300w, https:\/\/www.collectifpsychiatrie.fr\/wp-content\/uploads\/2022\/04\/Assises2022-08-768x541.jpeg 768w, https:\/\/www.collectifpsychiatrie.fr\/wp-content\/uploads\/2022\/04\/Assises2022-08.jpeg 1077w\" sizes=\"auto, (max-width: 1024px) 100vw, 1024px\" \/><\/a><\/figure><\/li><li class=\"blocks-gallery-item\"><figure><a href=\"https:\/\/www.collectifpsychiatrie.fr\/wp-content\/uploads\/2022\/04\/Assises2022-09.jpeg\"><img loading=\"lazy\" decoding=\"async\" width=\"1024\" height=\"576\" src=\"https:\/\/www.collectifpsychiatrie.fr\/wp-content\/uploads\/2022\/04\/Assises2022-09-1024x576.jpeg\" alt=\"\" data-id=\"9973\" data-full-url=\"https:\/\/www.collectifpsychiatrie.fr\/wp-content\/uploads\/2022\/04\/Assises2022-09.jpeg\" data-link=\"https:\/\/www.collectifpsychiatrie.fr\/?attachment_id=9973\" class=\"wp-image-9973\" srcset=\"https:\/\/www.collectifpsychiatrie.fr\/wp-content\/uploads\/2022\/04\/Assises2022-09-1024x576.jpeg 1024w, https:\/\/www.collectifpsychiatrie.fr\/wp-content\/uploads\/2022\/04\/Assises2022-09-300x169.jpeg 300w, https:\/\/www.collectifpsychiatrie.fr\/wp-content\/uploads\/2022\/04\/Assises2022-09-768x432.jpeg 768w, https:\/\/www.collectifpsychiatrie.fr\/wp-content\/uploads\/2022\/04\/Assises2022-09-1536x864.jpeg 1536w, https:\/\/www.collectifpsychiatrie.fr\/wp-content\/uploads\/2022\/04\/Assises2022-09.jpeg 1920w\" sizes=\"auto, (max-width: 1024px) 100vw, 1024px\" \/><\/a><\/figure><\/li><li class=\"blocks-gallery-item\"><figure><a href=\"https:\/\/www.collectifpsychiatrie.fr\/wp-content\/uploads\/2022\/04\/Assises2022-10.jpeg\"><img loading=\"lazy\" decoding=\"async\" width=\"1024\" height=\"576\" src=\"https:\/\/www.collectifpsychiatrie.fr\/wp-content\/uploads\/2022\/04\/Assises2022-10-1024x576.jpeg\" alt=\"\" data-id=\"9974\" data-full-url=\"https:\/\/www.collectifpsychiatrie.fr\/wp-content\/uploads\/2022\/04\/Assises2022-10.jpeg\" data-link=\"https:\/\/www.collectifpsychiatrie.fr\/?attachment_id=9974\" class=\"wp-image-9974\" srcset=\"https:\/\/www.collectifpsychiatrie.fr\/wp-content\/uploads\/2022\/04\/Assises2022-10-1024x576.jpeg 1024w, https:\/\/www.collectifpsychiatrie.fr\/wp-content\/uploads\/2022\/04\/Assises2022-10-300x169.jpeg 300w, https:\/\/www.collectifpsychiatrie.fr\/wp-content\/uploads\/2022\/04\/Assises2022-10-768x432.jpeg 768w, https:\/\/www.collectifpsychiatrie.fr\/wp-content\/uploads\/2022\/04\/Assises2022-10-1536x864.jpeg 1536w, https:\/\/www.collectifpsychiatrie.fr\/wp-content\/uploads\/2022\/04\/Assises2022-10.jpeg 1920w\" sizes=\"auto, (max-width: 1024px) 100vw, 1024px\" \/><\/a><\/figure><\/li><li class=\"blocks-gallery-item\"><figure><a href=\"https:\/\/www.collectifpsychiatrie.fr\/wp-content\/uploads\/2022\/04\/Assises2022-11.jpeg\"><img loading=\"lazy\" decoding=\"async\" width=\"1024\" height=\"576\" src=\"https:\/\/www.collectifpsychiatrie.fr\/wp-content\/uploads\/2022\/04\/Assises2022-11-1024x576.jpeg\" alt=\"\" data-id=\"9975\" data-full-url=\"https:\/\/www.collectifpsychiatrie.fr\/wp-content\/uploads\/2022\/04\/Assises2022-11.jpeg\" data-link=\"https:\/\/www.collectifpsychiatrie.fr\/?attachment_id=9975\" class=\"wp-image-9975\" srcset=\"https:\/\/www.collectifpsychiatrie.fr\/wp-content\/uploads\/2022\/04\/Assises2022-11-1024x576.jpeg 1024w, https:\/\/www.collectifpsychiatrie.fr\/wp-content\/uploads\/2022\/04\/Assises2022-11-300x169.jpeg 300w, https:\/\/www.collectifpsychiatrie.fr\/wp-content\/uploads\/2022\/04\/Assises2022-11-768x432.jpeg 768w, https:\/\/www.collectifpsychiatrie.fr\/wp-content\/uploads\/2022\/04\/Assises2022-11-1536x864.jpeg 1536w, https:\/\/www.collectifpsychiatrie.fr\/wp-content\/uploads\/2022\/04\/Assises2022-11.jpeg 1920w\" sizes=\"auto, (max-width: 1024px) 100vw, 1024px\" \/><\/a><\/figure><\/li><li class=\"blocks-gallery-item\"><figure><a href=\"https:\/\/www.collectifpsychiatrie.fr\/wp-content\/uploads\/2022\/04\/Assises2022-12.jpeg\"><img loading=\"lazy\" decoding=\"async\" width=\"1024\" height=\"576\" src=\"https:\/\/www.collectifpsychiatrie.fr\/wp-content\/uploads\/2022\/04\/Assises2022-12-1024x576.jpeg\" alt=\"\" data-id=\"9976\" data-full-url=\"https:\/\/www.collectifpsychiatrie.fr\/wp-content\/uploads\/2022\/04\/Assises2022-12.jpeg\" data-link=\"https:\/\/www.collectifpsychiatrie.fr\/?attachment_id=9976\" class=\"wp-image-9976\" srcset=\"https:\/\/www.collectifpsychiatrie.fr\/wp-content\/uploads\/2022\/04\/Assises2022-12-1024x576.jpeg 1024w, https:\/\/www.collectifpsychiatrie.fr\/wp-content\/uploads\/2022\/04\/Assises2022-12-300x169.jpeg 300w, https:\/\/www.collectifpsychiatrie.fr\/wp-content\/uploads\/2022\/04\/Assises2022-12-768x432.jpeg 768w, https:\/\/www.collectifpsychiatrie.fr\/wp-content\/uploads\/2022\/04\/Assises2022-12-1536x864.jpeg 1536w, https:\/\/www.collectifpsychiatrie.fr\/wp-content\/uploads\/2022\/04\/Assises2022-12.jpeg 1920w\" sizes=\"auto, (max-width: 1024px) 100vw, 1024px\" \/><\/a><\/figure><\/li><li class=\"blocks-gallery-item\"><figure><a href=\"https:\/\/www.collectifpsychiatrie.fr\/wp-content\/uploads\/2022\/04\/Assises2022-13.jpeg\"><img loading=\"lazy\" decoding=\"async\" width=\"1024\" height=\"576\" src=\"https:\/\/www.collectifpsychiatrie.fr\/wp-content\/uploads\/2022\/04\/Assises2022-13-1024x576.jpeg\" alt=\"\" data-id=\"9977\" data-full-url=\"https:\/\/www.collectifpsychiatrie.fr\/wp-content\/uploads\/2022\/04\/Assises2022-13.jpeg\" data-link=\"https:\/\/www.collectifpsychiatrie.fr\/?attachment_id=9977\" class=\"wp-image-9977\" srcset=\"https:\/\/www.collectifpsychiatrie.fr\/wp-content\/uploads\/2022\/04\/Assises2022-13-1024x576.jpeg 1024w, https:\/\/www.collectifpsychiatrie.fr\/wp-content\/uploads\/2022\/04\/Assises2022-13-300x169.jpeg 300w, https:\/\/www.collectifpsychiatrie.fr\/wp-content\/uploads\/2022\/04\/Assises2022-13-768x432.jpeg 768w, https:\/\/www.collectifpsychiatrie.fr\/wp-content\/uploads\/2022\/04\/Assises2022-13-1536x864.jpeg 1536w, https:\/\/www.collectifpsychiatrie.fr\/wp-content\/uploads\/2022\/04\/Assises2022-13.jpeg 1920w\" sizes=\"auto, (max-width: 1024px) 100vw, 1024px\" \/><\/a><\/figure><\/li><li class=\"blocks-gallery-item\"><figure><a href=\"https:\/\/www.collectifpsychiatrie.fr\/wp-content\/uploads\/2022\/04\/Assises2022-14.jpeg\"><img loading=\"lazy\" decoding=\"async\" width=\"1024\" height=\"576\" src=\"https:\/\/www.collectifpsychiatrie.fr\/wp-content\/uploads\/2022\/04\/Assises2022-14-1024x576.jpeg\" alt=\"\" data-id=\"9978\" data-full-url=\"https:\/\/www.collectifpsychiatrie.fr\/wp-content\/uploads\/2022\/04\/Assises2022-14.jpeg\" data-link=\"https:\/\/www.collectifpsychiatrie.fr\/?attachment_id=9978\" class=\"wp-image-9978\" srcset=\"https:\/\/www.collectifpsychiatrie.fr\/wp-content\/uploads\/2022\/04\/Assises2022-14-1024x576.jpeg 1024w, https:\/\/www.collectifpsychiatrie.fr\/wp-content\/uploads\/2022\/04\/Assises2022-14-300x169.jpeg 300w, https:\/\/www.collectifpsychiatrie.fr\/wp-content\/uploads\/2022\/04\/Assises2022-14-768x432.jpeg 768w, https:\/\/www.collectifpsychiatrie.fr\/wp-content\/uploads\/2022\/04\/Assises2022-14-1536x864.jpeg 1536w, https:\/\/www.collectifpsychiatrie.fr\/wp-content\/uploads\/2022\/04\/Assises2022-14.jpeg 1920w\" sizes=\"auto, (max-width: 1024px) 100vw, 1024px\" \/><\/a><\/figure><\/li><li class=\"blocks-gallery-item\"><figure><a href=\"https:\/\/www.collectifpsychiatrie.fr\/wp-content\/uploads\/2022\/04\/Assises2022-15.jpeg\"><img loading=\"lazy\" decoding=\"async\" width=\"1024\" height=\"685\" src=\"https:\/\/www.collectifpsychiatrie.fr\/wp-content\/uploads\/2022\/04\/Assises2022-15-1024x685.jpeg\" alt=\"\" data-id=\"9979\" data-full-url=\"https:\/\/www.collectifpsychiatrie.fr\/wp-content\/uploads\/2022\/04\/Assises2022-15.jpeg\" data-link=\"https:\/\/www.collectifpsychiatrie.fr\/?attachment_id=9979\" class=\"wp-image-9979\" srcset=\"https:\/\/www.collectifpsychiatrie.fr\/wp-content\/uploads\/2022\/04\/Assises2022-15-1024x685.jpeg 1024w, https:\/\/www.collectifpsychiatrie.fr\/wp-content\/uploads\/2022\/04\/Assises2022-15-300x201.jpeg 300w, https:\/\/www.collectifpsychiatrie.fr\/wp-content\/uploads\/2022\/04\/Assises2022-15-768x514.jpeg 768w, https:\/\/www.collectifpsychiatrie.fr\/wp-content\/uploads\/2022\/04\/Assises2022-15-1536x1028.jpeg 1536w, https:\/\/www.collectifpsychiatrie.fr\/wp-content\/uploads\/2022\/04\/Assises2022-15.jpeg 1920w\" sizes=\"auto, (max-width: 1024px) 100vw, 1024px\" \/><\/a><\/figure><\/li><li class=\"blocks-gallery-item\"><figure><a href=\"https:\/\/www.collectifpsychiatrie.fr\/wp-content\/uploads\/2022\/04\/Assises2022-16.jpeg\"><img loading=\"lazy\" decoding=\"async\" width=\"1024\" height=\"576\" src=\"https:\/\/www.collectifpsychiatrie.fr\/wp-content\/uploads\/2022\/04\/Assises2022-16-1024x576.jpeg\" alt=\"\" data-id=\"9980\" data-full-url=\"https:\/\/www.collectifpsychiatrie.fr\/wp-content\/uploads\/2022\/04\/Assises2022-16.jpeg\" data-link=\"https:\/\/www.collectifpsychiatrie.fr\/?attachment_id=9980\" class=\"wp-image-9980\" srcset=\"https:\/\/www.collectifpsychiatrie.fr\/wp-content\/uploads\/2022\/04\/Assises2022-16-1024x576.jpeg 1024w, https:\/\/www.collectifpsychiatrie.fr\/wp-content\/uploads\/2022\/04\/Assises2022-16-300x169.jpeg 300w, https:\/\/www.collectifpsychiatrie.fr\/wp-content\/uploads\/2022\/04\/Assises2022-16-768x432.jpeg 768w, https:\/\/www.collectifpsychiatrie.fr\/wp-content\/uploads\/2022\/04\/Assises2022-16-1536x864.jpeg 1536w, https:\/\/www.collectifpsychiatrie.fr\/wp-content\/uploads\/2022\/04\/Assises2022-16.jpeg 1920w\" sizes=\"auto, (max-width: 1024px) 100vw, 1024px\" \/><\/a><\/figure><\/li><li class=\"blocks-gallery-item\"><figure><a href=\"https:\/\/www.collectifpsychiatrie.fr\/wp-content\/uploads\/2022\/04\/Assises2022-17.jpeg\"><img loading=\"lazy\" decoding=\"async\" width=\"1024\" height=\"576\" src=\"https:\/\/www.collectifpsychiatrie.fr\/wp-content\/uploads\/2022\/04\/Assises2022-17-1024x576.jpeg\" alt=\"\" data-id=\"9981\" data-full-url=\"https:\/\/www.collectifpsychiatrie.fr\/wp-content\/uploads\/2022\/04\/Assises2022-17.jpeg\" data-link=\"https:\/\/www.collectifpsychiatrie.fr\/?attachment_id=9981\" class=\"wp-image-9981\" srcset=\"https:\/\/www.collectifpsychiatrie.fr\/wp-content\/uploads\/2022\/04\/Assises2022-17-1024x576.jpeg 1024w, https:\/\/www.collectifpsychiatrie.fr\/wp-content\/uploads\/2022\/04\/Assises2022-17-300x169.jpeg 300w, https:\/\/www.collectifpsychiatrie.fr\/wp-content\/uploads\/2022\/04\/Assises2022-17-768x432.jpeg 768w, https:\/\/www.collectifpsychiatrie.fr\/wp-content\/uploads\/2022\/04\/Assises2022-17-1536x864.jpeg 1536w, https:\/\/www.collectifpsychiatrie.fr\/wp-content\/uploads\/2022\/04\/Assises2022-17.jpeg 1920w\" sizes=\"auto, (max-width: 1024px) 100vw, 1024px\" \/><\/a><\/figure><\/li><li class=\"blocks-gallery-item\"><figure><a href=\"https:\/\/www.collectifpsychiatrie.fr\/wp-content\/uploads\/2022\/04\/Assises2022-18.jpeg\"><img loading=\"lazy\" decoding=\"async\" width=\"1024\" height=\"576\" src=\"https:\/\/www.collectifpsychiatrie.fr\/wp-content\/uploads\/2022\/04\/Assises2022-18-1024x576.jpeg\" alt=\"\" data-id=\"9982\" data-full-url=\"https:\/\/www.collectifpsychiatrie.fr\/wp-content\/uploads\/2022\/04\/Assises2022-18.jpeg\" data-link=\"https:\/\/www.collectifpsychiatrie.fr\/?attachment_id=9982\" class=\"wp-image-9982\" srcset=\"https:\/\/www.collectifpsychiatrie.fr\/wp-content\/uploads\/2022\/04\/Assises2022-18-1024x576.jpeg 1024w, https:\/\/www.collectifpsychiatrie.fr\/wp-content\/uploads\/2022\/04\/Assises2022-18-300x169.jpeg 300w, https:\/\/www.collectifpsychiatrie.fr\/wp-content\/uploads\/2022\/04\/Assises2022-18-768x432.jpeg 768w, https:\/\/www.collectifpsychiatrie.fr\/wp-content\/uploads\/2022\/04\/Assises2022-18-1536x864.jpeg 1536w, https:\/\/www.collectifpsychiatrie.fr\/wp-content\/uploads\/2022\/04\/Assises2022-18.jpeg 1920w\" sizes=\"auto, (max-width: 1024px) 100vw, 1024px\" \/><\/a><\/figure><\/li><li class=\"blocks-gallery-item\"><figure><a href=\"https:\/\/www.collectifpsychiatrie.fr\/wp-content\/uploads\/2022\/04\/Assises2022-19.jpeg\"><img loading=\"lazy\" decoding=\"async\" width=\"1024\" height=\"576\" src=\"https:\/\/www.collectifpsychiatrie.fr\/wp-content\/uploads\/2022\/04\/Assises2022-19-1024x576.jpeg\" alt=\"\" data-id=\"9983\" data-full-url=\"https:\/\/www.collectifpsychiatrie.fr\/wp-content\/uploads\/2022\/04\/Assises2022-19.jpeg\" data-link=\"https:\/\/www.collectifpsychiatrie.fr\/?attachment_id=9983\" class=\"wp-image-9983\" srcset=\"https:\/\/www.collectifpsychiatrie.fr\/wp-content\/uploads\/2022\/04\/Assises2022-19-1024x576.jpeg 1024w, https:\/\/www.collectifpsychiatrie.fr\/wp-content\/uploads\/2022\/04\/Assises2022-19-300x169.jpeg 300w, https:\/\/www.collectifpsychiatrie.fr\/wp-content\/uploads\/2022\/04\/Assises2022-19-768x432.jpeg 768w, https:\/\/www.collectifpsychiatrie.fr\/wp-content\/uploads\/2022\/04\/Assises2022-19-1536x864.jpeg 1536w, https:\/\/www.collectifpsychiatrie.fr\/wp-content\/uploads\/2022\/04\/Assises2022-19.jpeg 1920w\" sizes=\"auto, (max-width: 1024px) 100vw, 1024px\" \/><\/a><\/figure><\/li><li class=\"blocks-gallery-item\"><figure><a href=\"https:\/\/www.collectifpsychiatrie.fr\/wp-content\/uploads\/2022\/04\/Assises2022-20.jpeg\"><img loading=\"lazy\" decoding=\"async\" width=\"1024\" height=\"685\" src=\"https:\/\/www.collectifpsychiatrie.fr\/wp-content\/uploads\/2022\/04\/Assises2022-20-1024x685.jpeg\" alt=\"\" data-id=\"9984\" data-full-url=\"https:\/\/www.collectifpsychiatrie.fr\/wp-content\/uploads\/2022\/04\/Assises2022-20.jpeg\" data-link=\"https:\/\/www.collectifpsychiatrie.fr\/?attachment_id=9984\" class=\"wp-image-9984\" srcset=\"https:\/\/www.collectifpsychiatrie.fr\/wp-content\/uploads\/2022\/04\/Assises2022-20-1024x685.jpeg 1024w, https:\/\/www.collectifpsychiatrie.fr\/wp-content\/uploads\/2022\/04\/Assises2022-20-300x201.jpeg 300w, https:\/\/www.collectifpsychiatrie.fr\/wp-content\/uploads\/2022\/04\/Assises2022-20-768x514.jpeg 768w, https:\/\/www.collectifpsychiatrie.fr\/wp-content\/uploads\/2022\/04\/Assises2022-20-1536x1028.jpeg 1536w, https:\/\/www.collectifpsychiatrie.fr\/wp-content\/uploads\/2022\/04\/Assises2022-20.jpeg 1920w\" sizes=\"auto, (max-width: 1024px) 100vw, 1024px\" \/><\/a><\/figure><\/li><li class=\"blocks-gallery-item\"><figure><a href=\"https:\/\/www.collectifpsychiatrie.fr\/wp-content\/uploads\/2022\/04\/Assises2022-22.jpeg\"><img loading=\"lazy\" decoding=\"async\" width=\"1024\" height=\"685\" src=\"https:\/\/www.collectifpsychiatrie.fr\/wp-content\/uploads\/2022\/04\/Assises2022-22-1024x685.jpeg\" alt=\"\" data-id=\"9985\" data-full-url=\"https:\/\/www.collectifpsychiatrie.fr\/wp-content\/uploads\/2022\/04\/Assises2022-22.jpeg\" data-link=\"https:\/\/www.collectifpsychiatrie.fr\/?attachment_id=9985\" class=\"wp-image-9985\" srcset=\"https:\/\/www.collectifpsychiatrie.fr\/wp-content\/uploads\/2022\/04\/Assises2022-22-1024x685.jpeg 1024w, https:\/\/www.collectifpsychiatrie.fr\/wp-content\/uploads\/2022\/04\/Assises2022-22-300x201.jpeg 300w, https:\/\/www.collectifpsychiatrie.fr\/wp-content\/uploads\/2022\/04\/Assises2022-22-768x514.jpeg 768w, https:\/\/www.collectifpsychiatrie.fr\/wp-content\/uploads\/2022\/04\/Assises2022-22-1536x1028.jpeg 1536w, https:\/\/www.collectifpsychiatrie.fr\/wp-content\/uploads\/2022\/04\/Assises2022-22.jpeg 1920w\" sizes=\"auto, (max-width: 1024px) 100vw, 1024px\" \/><\/a><\/figure><\/li><li class=\"blocks-gallery-item\"><figure><a href=\"https:\/\/www.collectifpsychiatrie.fr\/wp-content\/uploads\/2022\/04\/Assises2022-23.jpeg\"><img loading=\"lazy\" decoding=\"async\" width=\"1024\" height=\"685\" src=\"https:\/\/www.collectifpsychiatrie.fr\/wp-content\/uploads\/2022\/04\/Assises2022-23-1024x685.jpeg\" alt=\"\" data-id=\"9986\" data-full-url=\"https:\/\/www.collectifpsychiatrie.fr\/wp-content\/uploads\/2022\/04\/Assises2022-23.jpeg\" data-link=\"https:\/\/www.collectifpsychiatrie.fr\/?attachment_id=9986\" class=\"wp-image-9986\" srcset=\"https:\/\/www.collectifpsychiatrie.fr\/wp-content\/uploads\/2022\/04\/Assises2022-23-1024x685.jpeg 1024w, https:\/\/www.collectifpsychiatrie.fr\/wp-content\/uploads\/2022\/04\/Assises2022-23-300x201.jpeg 300w, https:\/\/www.collectifpsychiatrie.fr\/wp-content\/uploads\/2022\/04\/Assises2022-23-768x514.jpeg 768w, https:\/\/www.collectifpsychiatrie.fr\/wp-content\/uploads\/2022\/04\/Assises2022-23-1536x1028.jpeg 1536w, https:\/\/www.collectifpsychiatrie.fr\/wp-content\/uploads\/2022\/04\/Assises2022-23.jpeg 1920w\" sizes=\"auto, (max-width: 1024px) 100vw, 1024px\" \/><\/a><\/figure><\/li><\/ul><\/figure>\n\n\n\n<figure class=\"wp-block-embed is-type-video is-provider-youtube wp-block-embed-youtube wp-embed-aspect-16-9 wp-has-aspect-ratio\"><div class=\"wp-block-embed__wrapper\">\n<iframe loading=\"lazy\" title=\"Assises citoyennes du soin psychique\" width=\"474\" height=\"267\" src=\"https:\/\/www.youtube.com\/embed\/3hO1Vpp1YvU?feature=oembed\" frameborder=\"0\" allow=\"accelerometer; autoplay; clipboard-write; encrypted-media; gyroscope; picture-in-picture; web-share\" referrerpolicy=\"strict-origin-when-cross-origin\" allowfullscreen><\/iframe>\n<\/div><\/figure>\n\n\n\n<!--more-->\n\n\n\n<div class=\"wp-block-file\"><a href=\"https:\/\/www.collectifpsychiatrie.fr\/wp-content\/uploads\/2022\/03\/Texte-Terres-Graille.pdf\" target=\"_blank\" rel=\"noreferrer noopener\">Texte-Terres-Graille<\/a><a href=\"https:\/\/www.collectifpsychiatrie.fr\/wp-content\/uploads\/2022\/03\/Texte-Terres-Graille.pdf\" class=\"wp-block-file__button\" download>T\u00e9l\u00e9charger<\/a><\/div>\n\n\n\n<div class=\"wp-block-file\"><a href=\"https:\/\/www.collectifpsychiatrie.fr\/wp-content\/uploads\/2022\/03\/Texte-Skiredj-Hahn.pdf\" target=\"_blank\" rel=\"noreferrer noopener\">Texte-Skiredj-Hahn<\/a><a href=\"https:\/\/www.collectifpsychiatrie.fr\/wp-content\/uploads\/2022\/03\/Texte-Skiredj-Hahn.pdf\" class=\"wp-block-file__button\" download>T\u00e9l\u00e9charger<\/a><\/div>\n\n\n\n<figure class=\"wp-block-embed is-type-video is-provider-youtube wp-block-embed-youtube wp-embed-aspect-16-9 wp-has-aspect-ratio\"><div class=\"wp-block-embed__wrapper\">\n<iframe loading=\"lazy\" title=\"Assises citoyennes du soin psychique, Table ronde 1\" width=\"474\" height=\"267\" src=\"https:\/\/www.youtube.com\/embed\/Aiu53ux95Zo?feature=oembed\" frameborder=\"0\" allow=\"accelerometer; autoplay; clipboard-write; encrypted-media; gyroscope; picture-in-picture; web-share\" referrerpolicy=\"strict-origin-when-cross-origin\" allowfullscreen><\/iframe>\n<\/div><\/figure>\n\n\n\n<div class=\"wp-block-file\"><a href=\"https:\/\/www.collectifpsychiatrie.fr\/wp-content\/uploads\/2022\/03\/Texte-Gori.pdf\" target=\"_blank\" rel=\"noreferrer noopener\">Texte-Gori<\/a><a href=\"https:\/\/www.collectifpsychiatrie.fr\/wp-content\/uploads\/2022\/03\/Texte-Gori.pdf\" class=\"wp-block-file__button\" download>T\u00e9l\u00e9charger<\/a><\/div>\n\n\n\n<div class=\"wp-block-file\"><a href=\"https:\/\/www.collectifpsychiatrie.fr\/wp-content\/uploads\/2022\/03\/Texte-Bakchine.pdf\" target=\"_blank\" rel=\"noreferrer noopener\">Texte-Bakchine<\/a><a href=\"https:\/\/www.collectifpsychiatrie.fr\/wp-content\/uploads\/2022\/03\/Texte-Bakchine.pdf\" class=\"wp-block-file__button\" download>T\u00e9l\u00e9charger<\/a><\/div>\n\n\n\n<div class=\"wp-block-file\"><a href=\"https:\/\/www.collectifpsychiatrie.fr\/wp-content\/uploads\/2022\/03\/Texte-Glachant.pdf\" target=\"_blank\" rel=\"noreferrer noopener\">Texte-Glachant<\/a><a href=\"https:\/\/www.collectifpsychiatrie.fr\/wp-content\/uploads\/2022\/03\/Texte-Glachant.pdf\" class=\"wp-block-file__button\" download>T\u00e9l\u00e9charger<\/a><\/div>\n\n\n\n<div class=\"wp-block-file\"><a href=\"https:\/\/www.collectifpsychiatrie.fr\/wp-content\/uploads\/2022\/03\/Texte-Delion.pdf\" target=\"_blank\" rel=\"noreferrer noopener\">Texte-Delion<\/a><a href=\"https:\/\/www.collectifpsychiatrie.fr\/wp-content\/uploads\/2022\/03\/Texte-Delion.pdf\" class=\"wp-block-file__button\" download>T\u00e9l\u00e9charger<\/a><\/div>\n\n\n\n<p class=\"wp-embed-aspect-16-9 wp-has-aspect-ratio\">La Table ronde 2 n&rsquo;est pas destin\u00e9e \u00e0 la t\u00e9l\u00e9diffusion.<\/p>\n\n\n\n<figure class=\"wp-block-embed is-type-video is-provider-youtube wp-block-embed-youtube wp-embed-aspect-16-9 wp-has-aspect-ratio\"><div class=\"wp-block-embed__wrapper\">\n<iframe loading=\"lazy\" title=\"ASSISES CITOYENNES DU SOIN PSYCHIQUE, Table ronde 3\" width=\"474\" height=\"267\" src=\"https:\/\/www.youtube.com\/embed\/ar4ZYIWx8zg?feature=oembed\" frameborder=\"0\" allow=\"accelerometer; autoplay; clipboard-write; encrypted-media; gyroscope; picture-in-picture; web-share\" referrerpolicy=\"strict-origin-when-cross-origin\" allowfullscreen><\/iframe>\n<\/div><\/figure>\n\n\n\n<p>Les \u00e9changes lors les 6 ATELIERS \u00e9taient confidentiels pour faciliter leur authenticit\u00e9 et f\u00e9condit\u00e9 :<\/p>\n\n\n\n<div class=\"wp-block-group\"><div class=\"wp-block-group__inner-container is-layout-flow wp-block-group-is-layout-flow\">\n<figure class=\"wp-block-table aligncenter\"><table class=\"has-subtle-pale-green-background-color has-background\"><tbody><tr><td class=\"has-text-align-center\" data-align=\"center\"><a rel=\"noreferrer noopener\" href=\"https:\/\/www.collectifpsychiatrie.fr\/wp-content\/uploads\/2022\/03\/Atelier-1.pdf\" target=\"_blank\">Atelier 1<\/a><a href=\"https:\/\/www.collectifpsychiatrie.fr\/wp-content\/uploads\/2022\/03\/Atelier-1.pdf\"> &#8211; <\/a><a rel=\"noreferrer noopener\" href=\"https:\/\/www.collectifpsychiatrie.fr\/wp-content\/uploads\/2022\/03\/Atelier-1.pdf\" target=\"_blank\">Pr\u00e9sentation<\/a><\/td><td><\/td><\/tr><tr><td class=\"has-text-align-center\" data-align=\"center\"><a rel=\"noreferrer noopener\" href=\"https:\/\/www.collectifpsychiatrie.fr\/wp-content\/uploads\/2022\/03\/Atelier-2.pdf\" target=\"_blank\">Atelier 2<\/a><a href=\"https:\/\/www.collectifpsychiatrie.fr\/wp-content\/uploads\/2022\/03\/Atelier-2.pdf\"> <\/a><a rel=\"noreferrer noopener\" href=\"https:\/\/www.collectifpsychiatrie.fr\/wp-content\/uploads\/2022\/03\/Atelier-2.pdf\" target=\"_blank\">&#8211; Pr\u00e9sentation<\/a><\/td><td>*<kbd> <a href=\"https:\/\/www.collectifpsychiatrie.fr\/wp-content\/uploads\/2022\/07\/Synthese.pdf\" data-type=\"URL\" data-id=\"https:\/\/www.collectifpsychiatrie.fr\/wp-content\/uploads\/2022\/07\/Synthese.pdf\">Synth\u00e8se<\/a><\/kbd><\/td><\/tr><tr><td class=\"has-text-align-center\" data-align=\"center\"><a rel=\"noreferrer noopener\" href=\"https:\/\/www.collectifpsychiatrie.fr\/wp-content\/uploads\/2022\/03\/Atelier-3.pdf\" target=\"_blank\">Atelier 3<\/a><a href=\"https:\/\/www.collectifpsychiatrie.fr\/wp-content\/uploads\/2022\/03\/Atelier-3.pdf\" target=\"_blank\" rel=\"noreferrer noopener\"> &#8211; Pr\u00e9sentation<\/a><\/td><td><a rel=\"noreferrer noopener\" href=\"https:\/\/www.collectifpsychiatrie.fr\/wp-content\/uploads\/2022\/03\/COMMUNIQUE-DE-PRESSE-4.pdf\" target=\"_blank\">* Communiqu\u00e9<\/a><a rel=\"noreferrer noopener\" href=\"https:\/\/www.collectifpsychiatrie.fr\/wp-content\/uploads\/2022\/03\/COMMUNIQUE-DE-PRESSE.pdf\" target=\"_blank\"> <\/a><a rel=\"noreferrer noopener\" href=\"https:\/\/www.collectifpsychiatrie.fr\/wp-content\/uploads\/2022\/03\/COMMUNIQUE-DE-PRESSE-4.pdf\" target=\"_blank\">de presse<\/a><br \/><a rel=\"noreferrer noopener\" href=\"https:\/\/blogs.mediapart.fr\/mathieu-bellahsen\/blog\/180322\/pour-une-abolition-de-la-contention-physique-en-psychiatrie\" target=\"_blank\">* Texte Contention<\/a><a href=\"https:\/\/blogs.mediapart.fr\/mathieu-bellahsen\/blog\/180322\/pour-une-abolition-de-la-contention-physique-en-psychiatrie\"> vs. Contenance<\/a><\/td><\/tr><tr><td class=\"has-text-align-center\" data-align=\"center\"><a rel=\"noreferrer noopener\" href=\"https:\/\/www.collectifpsychiatrie.fr\/wp-content\/uploads\/2022\/03\/Atelier-4.pdf\" target=\"_blank\">Atelier 4<\/a><a href=\"https:\/\/www.collectifpsychiatrie.fr\/wp-content\/uploads\/2022\/03\/Atelier-4.pdf\"> <\/a><a rel=\"noreferrer noopener\" href=\"https:\/\/www.collectifpsychiatrie.fr\/wp-content\/uploads\/2022\/03\/Atelier-4.pdf\" target=\"_blank\">&#8211; Pr\u00e9sentation<\/a><\/td><td>* <a rel=\"noreferrer noopener\" href=\"https:\/\/www.collectifpsychiatrie.fr\/wp-content\/uploads\/2022\/03\/CP-Printemps-de-la-Psychiatrie-15.03.2022-Urgence-de-repenser-lenfance-en-souffrance-2.pdf\" target=\"_blank\">Communiqu\u00e9 de presse<\/a><\/td><\/tr><tr><td class=\"has-text-align-center\" data-align=\"center\"><a rel=\"noreferrer noopener\" href=\"https:\/\/www.collectifpsychiatrie.fr\/wp-content\/uploads\/2022\/03\/Atelier-5.pdf\" target=\"_blank\">Atelier 5<\/a><a href=\"https:\/\/www.collectifpsychiatrie.fr\/wp-content\/uploads\/2022\/03\/Atelier-5.pdf\"> &#8211; <\/a><a rel=\"noreferrer noopener\" href=\"https:\/\/www.collectifpsychiatrie.fr\/wp-content\/uploads\/2022\/03\/Atelier-5.pdf\" target=\"_blank\">Pr\u00e9sentation<\/a><\/td><td><\/td><\/tr><tr><td class=\"has-text-align-center\" data-align=\"center\"><a rel=\"noreferrer noopener\" href=\"https:\/\/www.collectifpsychiatrie.fr\/wp-content\/uploads\/2022\/03\/Atelier-6.pdf\" target=\"_blank\">Atelier 6<\/a><a href=\"https:\/\/www.collectifpsychiatrie.fr\/wp-content\/uploads\/2022\/03\/Atelier-6.pdf\" target=\"_blank\" rel=\"noreferrer noopener\"> &#8211; Pr\u00e9sentation<\/a><\/td><td>* <a rel=\"noreferrer noopener\" href=\"https:\/\/www.collectifpsychiatrie.fr\/wp-content\/uploads\/2022\/03\/Txt-Klopp.pdf\" target=\"_blank\">Texte Klopp<\/a><\/td><\/tr><\/tbody><\/table><\/figure>\n<\/div><\/div>\n\n\n\n<figure class=\"wp-block-embed is-type-video is-provider-youtube wp-block-embed-youtube wp-embed-aspect-16-9 wp-has-aspect-ratio\"><div class=\"wp-block-embed__wrapper\">\n<iframe loading=\"lazy\" title=\"Assises citoyennes du soin Psychique, retour des ateliers\" width=\"474\" height=\"267\" src=\"https:\/\/www.youtube.com\/embed\/nfUg4n9RaIA?feature=oembed\" frameborder=\"0\" allow=\"accelerometer; autoplay; clipboard-write; encrypted-media; gyroscope; picture-in-picture; web-share\" referrerpolicy=\"strict-origin-when-cross-origin\" allowfullscreen><\/iframe>\n<\/div><\/figure>\n\n\n\n<p>Textes associ\u00e9s :<\/p>\n\n\n\n<p><a href=\"https:\/\/blogs.mediapart.fr\/dr-bb\/blog\/210322\/couche-detruire-les-pratiques-pervertir-la-langue-contraindre-l-imaginaire\" target=\"_blank\" rel=\"noreferrer noopener\">Dr BB : Couch\u00e9 ! D\u00e9truire les pratiques, pervertir la langue, contraindre l&rsquo;imaginaire<\/a><\/p>\n\n\n\n<p><a href=\"https:\/\/blogs.mediapart.fr\/dr-bb\/blog\/240322\/debout-les-assises-citoyennes-du-soin-psychique?utm_source=twitter\" target=\"_blank\" rel=\"noreferrer noopener\">Dr BB : Debout ! Les Assises citoyennes du soin psychique<\/a><\/p>\n\n\n\n<p><a href=\"https:\/\/blogs.mediapart.fr\/dr-bb\/blog\/240322\/constats-et-affections-dans-le-champ-de-lenfance-une-odyssee\" target=\"_blank\" rel=\"noreferrer noopener\">Dr BB : Constats et affections dans le champ de l&rsquo;enfance : une Odyss\u00e9e<\/a><\/p>\n\n\n\n<p><a rel=\"noreferrer noopener\" href=\"https:\/\/blogs.mediapart.fr\/dr-bb\/blog\/280322\/notre-iliade-luttes-et-propositions\" target=\"_blank\">Dr BB : Notre Iliade : Luttes et propositions<\/a><\/p>\n","protected":false},"excerpt":{"rendered":"","protected":false},"author":8,"featured_media":9830,"comment_status":"closed","ping_status":"open","sticky":false,"template":"","format":"standard","meta":{"footnotes":""},"categories":[415,401,14],"tags":[408,405,68,80,391],"class_list":["post-9739","post","type-post","status-publish","format-standard","has-post-thumbnail","hentry","category-assises-citoyennes-du-soin-psychique","category-evenement","category-rencontres","tag-appel-des-appels","tag-assises","tag-cemea","tag-collectif-des-39","tag-printemps-de-la-psychiatrie"],"_links":{"self":[{"href":"https:\/\/www.collectifpsychiatrie.fr\/index.php?rest_route=\/wp\/v2\/posts\/9739","targetHints":{"allow":["GET"]}}],"collection":[{"href":"https:\/\/www.collectifpsychiatrie.fr\/index.php?rest_route=\/wp\/v2\/posts"}],"about":[{"href":"https:\/\/www.collectifpsychiatrie.fr\/index.php?rest_route=\/wp\/v2\/types\/post"}],"author":[{"embeddable":true,"href":"https:\/\/www.collectifpsychiatrie.fr\/index.php?rest_route=\/wp\/v2\/users\/8"}],"replies":[{"embeddable":true,"href":"https:\/\/www.collectifpsychiatrie.fr\/index.php?rest_route=%2Fwp%2Fv2%2Fcomments&post=9739"}],"version-history":[{"count":50,"href":"https:\/\/www.collectifpsychiatrie.fr\/index.php?rest_route=\/wp\/v2\/posts\/9739\/revisions"}],"predecessor-version":[{"id":10011,"href":"https:\/\/www.collectifpsychiatrie.fr\/index.php?rest_route=\/wp\/v2\/posts\/9739\/revisions\/10011"}],"wp:featuredmedia":[{"embeddable":true,"href":"https:\/\/www.collectifpsychiatrie.fr\/index.php?rest_route=\/wp\/v2\/media\/9830"}],"wp:attachment":[{"href":"https:\/\/www.collectifpsychiatrie.fr\/index.php?rest_route=%2Fwp%2Fv2%2Fmedia&parent=9739"}],"wp:term":[{"taxonomy":"category","embeddable":true,"href":"https:\/\/www.collectifpsychiatrie.fr\/index.php?rest_route=%2Fwp%2Fv2%2Fcategories&post=9739"},{"taxonomy":"post_tag","embeddable":true,"href":"https:\/\/www.collectifpsychiatrie.fr\/index.php?rest_route=%2Fwp%2Fv2%2Ftags&post=9739"}],"curies":[{"name":"wp","href":"https:\/\/api.w.org\/{rel}","templated":true}]}}