{"id":9988,"date":"2020-11-22T09:59:00","date_gmt":"2020-11-22T09:59:00","guid":{"rendered":"https:\/\/www.collectifpsychiatrie.fr\/?p=9988"},"modified":"2023-04-16T13:31:07","modified_gmt":"2023-04-16T13:31:07","slug":"printemps-de-la-psychiatrie-ag-novembre-2020","status":"publish","type":"post","link":"https:\/\/www.collectifpsychiatrie.fr\/?p=9988","title":{"rendered":"Printemps de la psychiatrie &#8211; AG novembre 2020"},"content":{"rendered":"\n<figure class=\"wp-block-embed is-type-link is-provider-printemps-de-la-psychiatrie wp-block-embed-printemps-de-la-psychiatrie\"><div class=\"wp-block-embed__wrapper\">\n<blockquote class=\"wp-embedded-content\" data-secret=\"iDFqGHCUFs\"><a href=\"https:\/\/printempsdelapsychiatrie.org\/2020\/11\/18\/assemblee-generale-du-printemps-de-la-psychiatrie-le-21-novembre-2020\/\">Assembl\u00e9e g\u00e9n\u00e9rale du Printemps de la psychiatrie le 21 novembre&nbsp;2020<\/a><\/blockquote><iframe loading=\"lazy\" class=\"wp-embedded-content\" sandbox=\"allow-scripts\" security=\"restricted\" style=\"position: absolute; visibility: hidden;\" title=\"&laquo;&nbsp;Assembl\u00e9e g\u00e9n\u00e9rale du Printemps de la psychiatrie le 21 novembre&nbsp;2020&nbsp;&raquo; &#8212; Printemps de la psychiatrie\" src=\"https:\/\/printempsdelapsychiatrie.org\/2020\/11\/18\/assemblee-generale-du-printemps-de-la-psychiatrie-le-21-novembre-2020\/embed\/#?secret=1u2K1EBESE#?secret=iDFqGHCUFs\" data-secret=\"iDFqGHCUFs\" width=\"474\" height=\"267\" frameborder=\"0\" marginwidth=\"0\" marginheight=\"0\" scrolling=\"no\"><\/iframe>\n<\/div><\/figure>\n\n\n\n<figure class=\"wp-block-embed is-type-wp-embed is-provider-peertube wp-block-embed-peertube\"><div class=\"wp-block-embed__wrapper\">\nhttps:\/\/tube.nocturlab.fr\/videos\/watch\/8b96200d-ac74-442d-bb5e-eaa9e3bde6c7\n<\/div><\/figure>\n","protected":false},"excerpt":{"rendered":"","protected":false},"author":78,"featured_media":0,"comment_status":"closed","ping_status":"open","sticky":false,"template":"","format":"standard","meta":{"footnotes":""},"categories":[6,1,392],"tags":[],"class_list":["post-9988","post","type-post","status-publish","format-standard","hentry","category-evenements","category-non-classe","category-printemps-de-la-psychiatrie"],"_links":{"self":[{"href":"https:\/\/www.collectifpsychiatrie.fr\/index.php?rest_route=\/wp\/v2\/posts\/9988","targetHints":{"allow":["GET"]}}],"collection":[{"href":"https:\/\/www.collectifpsychiatrie.fr\/index.php?rest_route=\/wp\/v2\/posts"}],"about":[{"href":"https:\/\/www.collectifpsychiatrie.fr\/index.php?rest_route=\/wp\/v2\/types\/post"}],"author":[{"embeddable":true,"href":"https:\/\/www.collectifpsychiatrie.fr\/index.php?rest_route=\/wp\/v2\/users\/78"}],"replies":[{"embeddable":true,"href":"https:\/\/www.collectifpsychiatrie.fr\/index.php?rest_route=%2Fwp%2Fv2%2Fcomments&post=9988"}],"version-history":[{"count":2,"href":"https:\/\/www.collectifpsychiatrie.fr\/index.php?rest_route=\/wp\/v2\/posts\/9988\/revisions"}],"predecessor-version":[{"id":10140,"href":"https:\/\/www.collectifpsychiatrie.fr\/index.php?rest_route=\/wp\/v2\/posts\/9988\/revisions\/10140"}],"wp:attachment":[{"href":"https:\/\/www.collectifpsychiatrie.fr\/index.php?rest_route=%2Fwp%2Fv2%2Fmedia&parent=9988"}],"wp:term":[{"taxonomy":"category","embeddable":true,"href":"https:\/\/www.collectifpsychiatrie.fr\/index.php?rest_route=%2Fwp%2Fv2%2Fcategories&post=9988"},{"taxonomy":"post_tag","embeddable":true,"href":"https:\/\/www.collectifpsychiatrie.fr\/index.php?rest_route=%2Fwp%2Fv2%2Ftags&post=9988"}],"curies":[{"name":"wp","href":"https:\/\/api.w.org\/{rel}","templated":true}]}}